{"id":29025,"date":"2023-12-12T13:01:57","date_gmt":"2023-12-12T19:01:57","guid":{"rendered":"http:\/\/elobservatorio.com.mx\/?p=29025"},"modified":"2023-12-12T13:01:57","modified_gmt":"2023-12-12T19:01:57","slug":"evaluan-carrera-de-contador-publico-en-tecoman","status":"publish","type":"post","link":"http:\/\/elobservatorio.com.mx\/?p=29025","title":{"rendered":"Eval\u00faan carrera de Contador P\u00fablico, en Tecom\u00e1n"},"content":{"rendered":"<p><em>*\u201cEs muy importante para toda la comunidad FCAT, porque permite estar en ciertos est\u00e1ndares de calidad que nos obliga a una mejora continua, ya que en la Universidad nos debemos a la sociedad\u201d: Roc\u00edo de Jes\u00fas, directora del plantel.<\/em><\/p>\n<p>En d\u00edas pasados dio inicio la evaluaci\u00f3n, con fines de acreditaci\u00f3n, del programa de Contador P\u00fablico de la Facultad de Contabilidad y Administraci\u00f3n de Tecom\u00e1n (FCAT) de la Universidad de Colima, por parte de expertos y expertas del Consejo de Acreditaci\u00f3n de Ciencias Administrativas, Contables y Afines (CACECA).<\/p>\n<p>En su mensaje, Roc\u00edo de Jes\u00fas Moreno Meza, directora del plantel, mencion\u00f3 que a lo largo de los 40 a\u00f1os que tiene la facultad educando profesionistas de calidad y pertinencia, ha tenido varias evaluaciones por el CACECA.<\/p>\n<p>\u201cCada una de ellas es una oportunidad de revisar el quehacer educativo en cada uno de sus procesos; en esta ocasi\u00f3n, nuestro programa educativo de Contador P\u00fablico lo sometemos a una evaluaci\u00f3n con fines de acreditaci\u00f3n y es muy importante para toda la comunidad FCAT, porque permite estar en ciertos est\u00e1ndares de calidad que nos obliga a una mejora continua, ya que en la Universidad nos debemos a la sociedad\u201d.<\/p>\n<p>Para finalizar, agradeci\u00f3 al rector Christian Jorge Torres Ortiz Zerme\u00f1o y a las autoridades universitarias \u201cpor el acompa\u00f1amiento durante el proceso de evaluaci\u00f3n; tambi\u00e9n agradezco de manera muy particular a nuestra comunidad universitaria para llevar a efecto esta evaluaci\u00f3n, todos somos parte de este proceso\u201d.<\/p>\n<p>Por su parte, Susana Aurelia Preciado Jim\u00e9nez, directora general de Educaci\u00f3n Superior, en representaci\u00f3n del Rector de la Universidad de Colima, mencion\u00f3 que la instituci\u00f3n est\u00e1 comprometida con estos procesos de calidad: \u201cqueremos mostrar que en la UdeC somos un sistema en el cual todos estamos articulados\u201d.<\/p>\n<p>Explic\u00f3 que \u201clos procesos de calidad refieren y requieren un equipo de trabajo, no s\u00f3lo de quienes est\u00e1n involucrados con los procesos, sino de todos aquellos que coadyuvan y muestran su inter\u00e9s para que este sistema cumpla con las metas que tenemos establecidas\u201d.<\/p>\n<p>Explic\u00f3 que las y los evaluadores entrevistar\u00e1n a empleadores, egresados, alumnos y profesores \u201cpara poder constatar la informaci\u00f3n cuantitativa y los documentos que ya se entregaron y que est\u00e1n arriba, en la plataforma de CACECA. Estamos satisfechos de estar aqu\u00ed presentes, porque estos procesos son voluntarios, ya que las universidades decidimos ser parte de este proceso\u201d.<\/p>\n<p>Por \u00faltimo, las y los evaluadores agradecieron las atenciones recibidas por parte del personal de FCAT. Asimismo, felicitaron a las y los universitarios por el trabajo que han venido realizando; \u201cagradecemos su compromiso con la excelencia acad\u00e9mica a trav\u00e9s de estos procesos de acreditaci\u00f3n\u201d, concluyeron.<\/p>\n","protected":false},"excerpt":{"rendered":"<p>*\u201cEs muy importante para toda la comunidad FCAT, porque permite estar en ciertos est\u00e1ndares de calidad que nos obliga a una mejora continua, ya que en la Universidad nos debemos a la sociedad\u201d: Roc\u00edo de Jes\u00fas, directora del plantel. En d\u00edas pasados dio inicio la evaluaci\u00f3n, con fines de acreditaci\u00f3n, del programa de Contador P\u00fablico&#8230;<\/p>\n","protected":false},"author":2,"featured_media":29026,"comment_status":"open","ping_status":"open","sticky":false,"template":"","format":"standard","meta":{"footnotes":""},"categories":[14],"tags":[29,30,28],"class_list":["post-29025","post","type-post","status-publish","format-standard","has-post-thumbnail","hentry","category-educacion-y-cultura","tag-grid","tag-news","tag-slider"],"_links":{"self":[{"href":"http:\/\/elobservatorio.com.mx\/index.php?rest_route=\/wp\/v2\/posts\/29025"}],"collection":[{"href":"http:\/\/elobservatorio.com.mx\/index.php?rest_route=\/wp\/v2\/posts"}],"about":[{"href":"http:\/\/elobservatorio.com.mx\/index.php?rest_route=\/wp\/v2\/types\/post"}],"author":[{"embeddable":true,"href":"http:\/\/elobservatorio.com.mx\/index.php?rest_route=\/wp\/v2\/users\/2"}],"replies":[{"embeddable":true,"href":"http:\/\/elobservatorio.com.mx\/index.php?rest_route=%2Fwp%2Fv2%2Fcomments&post=29025"}],"version-history":[{"count":1,"href":"http:\/\/elobservatorio.com.mx\/index.php?rest_route=\/wp\/v2\/posts\/29025\/revisions"}],"predecessor-version":[{"id":29027,"href":"http:\/\/elobservatorio.com.mx\/index.php?rest_route=\/wp\/v2\/posts\/29025\/revisions\/29027"}],"wp:featuredmedia":[{"embeddable":true,"href":"http:\/\/elobservatorio.com.mx\/index.php?rest_route=\/wp\/v2\/media\/29026"}],"wp:attachment":[{"href":"http:\/\/elobservatorio.com.mx\/index.php?rest_route=%2Fwp%2Fv2%2Fmedia&parent=29025"}],"wp:term":[{"taxonomy":"category","embeddable":true,"href":"http:\/\/elobservatorio.com.mx\/index.php?rest_route=%2Fwp%2Fv2%2Fcategories&post=29025"},{"taxonomy":"post_tag","embeddable":true,"href":"http:\/\/elobservatorio.com.mx\/index.php?rest_route=%2Fwp%2Fv2%2Ftags&post=29025"}],"curies":[{"name":"wp","href":"https:\/\/api.w.org\/{rel}","templated":true}]}}