{"id":29028,"date":"2023-12-12T14:29:20","date_gmt":"2023-12-12T20:29:20","guid":{"rendered":"http:\/\/elobservatorio.com.mx\/?p=29028"},"modified":"2023-12-12T14:34:40","modified_gmt":"2023-12-12T20:34:40","slug":"destino-de-la-planta-de-urea-y-amoniaco-esta-en-manos-del-dictamen-de-semarnat","status":"publish","type":"post","link":"http:\/\/elobservatorio.com.mx\/?p=29028","title":{"rendered":"Destino de la planta de urea y amon\u00edaco est\u00e1 en manos del dictamen de SEMARNAT"},"content":{"rendered":"<p><em>*Mientras tanto seguiremos en la lucha de la no instalaci\u00f3n en el municipio de Armer\u00eda, dice Abel Estop\u00edn, del Colectivo \u00abUnidos por Cuyutl\u00e1n\u00bb.\u00a0<\/em><\/p>\n<p>Armer\u00eda Col.-\u00a0 Abel Estop\u00edn, integrante del Colectivo \u00abUnidos por Cuyutl\u00e1n\u00bb,\u00a0 inform\u00f3 en entrevista que el destino de la instalaci\u00f3n de la planta de urea y amon\u00edaco que se pretende instalar en Armer\u00eda, est\u00e1 en manos de la Semarnat.<\/p>\n<p>Dijo que han enviado oficios y documentaci\u00f3n necesaria a varias dependencias correspondientes a la autorizaci\u00f3n del permiso para su instalaci\u00f3n, en donde se ha solicitado toda la informaci\u00f3n a la vez se han reforzado con evidencias cientificas y jur\u00eddicas del impacto ambiental y da\u00f1o a la salud p\u00fablica que generar\u00eda\u00a0 y no ha habido respuesta, solo de la dependencia federal antes descrita.<\/p>\n<p>\u00abSeguimos en la lucha,\u00a0 sin embargo estamos a la espera del dictamen de dicha dependencia federal que ser\u00e1 lo que determine el rumbo de esta lucha, que como ciudadanos estamos dando,\u00a0 porque no tenemos en definitiva el resolutivo de SEMARNAT, estamos en espera\u00bb.<\/p>\n<p>Agreg\u00f3 que quienes est\u00e1n asesorando en materia \u00a0jur\u00eddica y ambiental, son personas expertas que ya han estado en otras luchas,\u00a0 como ejemplo, dijo, dos\u00a0 luchas muy sonadas, una en la comunidad de Zacualpan en la defensa del agua y otra en Canoas, tienen experiencia en luchas sociales a favor del pueblo.<\/p>\n<p>Finalmente coment\u00f3 que tienen que ser personas expertas en el tema para argumentar lo mejor posible nuestra lucha, tenemos la fe y confianza de que la promesa de este gobienro es el bienestar para la poblaci\u00f3n,\u00a0 confiamos de que la instalar\u00e1n en otro lugar o,\u00a0 que nos cambien esa empresa por otra de bajo impacto ambiental y salud p\u00fablica. \u00abNo bajaremos la guardia en nuestra lucha hasta lograr que se haga lo mejor para la poblaci\u00f3n\u00bb.<\/p>\n<p>&nbsp;<\/p>\n","protected":false},"excerpt":{"rendered":"<p>*Mientras tanto seguiremos en la lucha de la no instalaci\u00f3n en el municipio de Armer\u00eda, dice Abel Estop\u00edn, del Colectivo \u00abUnidos por Cuyutl\u00e1n\u00bb.\u00a0 Armer\u00eda Col.-\u00a0 Abel Estop\u00edn, integrante del Colectivo \u00abUnidos por Cuyutl\u00e1n\u00bb,\u00a0 inform\u00f3 en entrevista que el destino de la instalaci\u00f3n de la planta de urea y amon\u00edaco que se pretende instalar en Armer\u00eda,&#8230;<\/p>\n","protected":false},"author":2,"featured_media":29029,"comment_status":"open","ping_status":"open","sticky":false,"template":"","format":"standard","meta":{"footnotes":""},"categories":[33,8],"tags":[29,30,28],"class_list":["post-29028","post","type-post","status-publish","format-standard","has-post-thumbnail","hentry","category-armeria","category-municipios","tag-grid","tag-news","tag-slider"],"_links":{"self":[{"href":"http:\/\/elobservatorio.com.mx\/index.php?rest_route=\/wp\/v2\/posts\/29028"}],"collection":[{"href":"http:\/\/elobservatorio.com.mx\/index.php?rest_route=\/wp\/v2\/posts"}],"about":[{"href":"http:\/\/elobservatorio.com.mx\/index.php?rest_route=\/wp\/v2\/types\/post"}],"author":[{"embeddable":true,"href":"http:\/\/elobservatorio.com.mx\/index.php?rest_route=\/wp\/v2\/users\/2"}],"replies":[{"embeddable":true,"href":"http:\/\/elobservatorio.com.mx\/index.php?rest_route=%2Fwp%2Fv2%2Fcomments&post=29028"}],"version-history":[{"count":5,"href":"http:\/\/elobservatorio.com.mx\/index.php?rest_route=\/wp\/v2\/posts\/29028\/revisions"}],"predecessor-version":[{"id":29034,"href":"http:\/\/elobservatorio.com.mx\/index.php?rest_route=\/wp\/v2\/posts\/29028\/revisions\/29034"}],"wp:featuredmedia":[{"embeddable":true,"href":"http:\/\/elobservatorio.com.mx\/index.php?rest_route=\/wp\/v2\/media\/29029"}],"wp:attachment":[{"href":"http:\/\/elobservatorio.com.mx\/index.php?rest_route=%2Fwp%2Fv2%2Fmedia&parent=29028"}],"wp:term":[{"taxonomy":"category","embeddable":true,"href":"http:\/\/elobservatorio.com.mx\/index.php?rest_route=%2Fwp%2Fv2%2Fcategories&post=29028"},{"taxonomy":"post_tag","embeddable":true,"href":"http:\/\/elobservatorio.com.mx\/index.php?rest_route=%2Fwp%2Fv2%2Ftags&post=29028"}],"curies":[{"name":"wp","href":"https:\/\/api.w.org\/{rel}","templated":true}]}}