{"id":29037,"date":"2023-12-12T16:54:06","date_gmt":"2023-12-12T22:54:06","guid":{"rendered":"http:\/\/elobservatorio.com.mx\/?p=29037"},"modified":"2023-12-12T16:54:06","modified_gmt":"2023-12-12T22:54:06","slug":"griselda-martinez-entrega-ayudas-sociales-a-familias","status":"publish","type":"post","link":"http:\/\/elobservatorio.com.mx\/?p=29037","title":{"rendered":"Griselda Mart\u00ednez entrega ayudas sociales a familias"},"content":{"rendered":"<p><em>*Tambi\u00e9n apoya movilidad estudiantil y a destacados deportista<\/em><\/p>\n<p>Con el objetivo de seguir ayudando a las familias manzanillenses que tienen m\u00e1s necesidades, la presidenta Griselda Mart\u00ednez hizo entrega de ayuda a familias de distintos puntos del municipio, adem\u00e1s entreg\u00f3 apoyos para materializar la movilidad estudiantil de 3 j\u00f3venes estudiantes de distintas carreras profesionales, quienes acudir\u00e1n a Espa\u00f1a y a Colombia. La alcaldesa tambi\u00e9n entreg\u00f3 premios a 10 destacados deportistas.<\/p>\n<p>Como cada martes, desde las instalaciones del Juzgado C\u00edvico y acompa\u00f1ada por el tesorero municipal, Lalo Camarena Berra, la alcaldesa, destac\u00f3 que gracias al pago de los impuestos de las y los manzanillenses y al manejo honrado de esos recursos, durante este a\u00f1o, a trav\u00e9s del Programa de Atenci\u00f3n a grupos vulnerables de la direcci\u00f3n de Desarrollo Social, se han invertido casi 10 millones de pesos en beneficio de muchas familias.<\/p>\n<p>La alcaldesa, como ya es una costumbre, nombr\u00f3, a cada beneficiario para entregarles el apoyo del Programa de Apoyo a Grupos Vulnerables, con lo cual atender\u00e1n situaciones de salud, gastos funerarios, atenci\u00f3n por adicciones, necesidades b\u00e1sicas, entre otras.<\/p>\n<p>Asimismo, la alcaldesa, entreg\u00f3 apoyos para la movilidad estudiantil de 3 j\u00f3venes; uno fue para Edison de la Mora, quien es estudiante de la licenciatura de Administraci\u00f3n de la Universidad de Colima y viajar\u00e1 a la Universidad Extremadura en C\u00e1ceres, Espa\u00f1a: otro para Silvana Hern\u00e1ndez, quien actualmente la Licenciatura de Relaciones Internacionales en la Universidad de Colima y viajar\u00e1 a la Universidad de C\u00e1diz en Espa\u00f1a y tambi\u00e9n para Mois\u00e9s Villase\u00f1or, quien cursa la Licenciatura de Gesti\u00f3n Tur\u00edstica de la Universidad de Colima y viajar\u00e1 a la Universidad Cat\u00f3lica de Manizales en Colombia.<\/p>\n<p>Durante este acto de entrega de ayuda social y apoyos, Griselda Mart\u00ednez, tambi\u00e9n lo hizo a favor de destacados deportistas manzanillenses que obtuvieron lugares destacados en los Juegos Nacionales de la CONADE fue para, Josefina Flores quien obtuvo el Bronce en volibol de playa; para Lluvia Gonz\u00e1lez quien obtuvo el oro en volibol de sala y para Isa\u00edas M\u00e9ndez, quien gan\u00f3 la medalla de oro en la disciplina de deporte adaptado lanzamiento de clava; tambi\u00e9n para Julia Baltazar, quien obtuvo la plata e volibol de playa; a Jos\u00e9 Due\u00f1as por haber logrado la medalla de oro en nataci\u00f3n y para Mar\u00eda Luisa Velasco, quien obtuvo la medalla de oro en surfing.<\/p>\n<p>Asimismo, la alcaldesa entreg\u00f3 premios para, Vania C\u00e1rdenas, quien obtuvo el primer lugar del nacional de ciclismo juvenil en el circuito del Gran Ca\u00f1\u00f3n realizado en San Luis Potos\u00ed; de la misma manera fue reconocido, Lamberto Martinez quien obtuvo el oro en el triatl\u00f3n internacional del hotel Gran Festival y por su participaci\u00f3n en el triatl\u00f3n mundial, celebrado en Pontevedra, Espa\u00f1a. Tambi\u00e9n fue reconocida Marianne Gavi\u00f1o por haber obtenido resultados destacados en Campeonatos nacionales y el \u00e1rbitro y promotora del cuerpo colegiado de \u00e1rbitros para Manzanillo, Evelyn Cruz.<\/p>\n","protected":false},"excerpt":{"rendered":"<p>*Tambi\u00e9n apoya movilidad estudiantil y a destacados deportista Con el objetivo de seguir ayudando a las familias manzanillenses que tienen m\u00e1s necesidades, la presidenta Griselda Mart\u00ednez hizo entrega de ayuda a familias de distintos puntos del municipio, adem\u00e1s entreg\u00f3 apoyos para materializar la movilidad estudiantil de 3 j\u00f3venes estudiantes de distintas carreras profesionales, quienes acudir\u00e1n&#8230;<\/p>\n","protected":false},"author":2,"featured_media":29038,"comment_status":"open","ping_status":"open","sticky":false,"template":"","format":"standard","meta":{"footnotes":""},"categories":[35,8],"tags":[29,30,28],"class_list":["post-29037","post","type-post","status-publish","format-standard","has-post-thumbnail","hentry","category-manzanillo","category-municipios","tag-grid","tag-news","tag-slider"],"_links":{"self":[{"href":"http:\/\/elobservatorio.com.mx\/index.php?rest_route=\/wp\/v2\/posts\/29037"}],"collection":[{"href":"http:\/\/elobservatorio.com.mx\/index.php?rest_route=\/wp\/v2\/posts"}],"about":[{"href":"http:\/\/elobservatorio.com.mx\/index.php?rest_route=\/wp\/v2\/types\/post"}],"author":[{"embeddable":true,"href":"http:\/\/elobservatorio.com.mx\/index.php?rest_route=\/wp\/v2\/users\/2"}],"replies":[{"embeddable":true,"href":"http:\/\/elobservatorio.com.mx\/index.php?rest_route=%2Fwp%2Fv2%2Fcomments&post=29037"}],"version-history":[{"count":1,"href":"http:\/\/elobservatorio.com.mx\/index.php?rest_route=\/wp\/v2\/posts\/29037\/revisions"}],"predecessor-version":[{"id":29039,"href":"http:\/\/elobservatorio.com.mx\/index.php?rest_route=\/wp\/v2\/posts\/29037\/revisions\/29039"}],"wp:featuredmedia":[{"embeddable":true,"href":"http:\/\/elobservatorio.com.mx\/index.php?rest_route=\/wp\/v2\/media\/29038"}],"wp:attachment":[{"href":"http:\/\/elobservatorio.com.mx\/index.php?rest_route=%2Fwp%2Fv2%2Fmedia&parent=29037"}],"wp:term":[{"taxonomy":"category","embeddable":true,"href":"http:\/\/elobservatorio.com.mx\/index.php?rest_route=%2Fwp%2Fv2%2Fcategories&post=29037"},{"taxonomy":"post_tag","embeddable":true,"href":"http:\/\/elobservatorio.com.mx\/index.php?rest_route=%2Fwp%2Fv2%2Ftags&post=29037"}],"curies":[{"name":"wp","href":"https:\/\/api.w.org\/{rel}","templated":true}]}}