{"id":29065,"date":"2023-12-13T16:03:57","date_gmt":"2023-12-13T22:03:57","guid":{"rendered":"http:\/\/elobservatorio.com.mx\/?p=29065"},"modified":"2023-12-13T16:04:57","modified_gmt":"2023-12-13T22:04:57","slug":"iee-colima-sin-dinero-para-organizar-las-elecciones-urgen-a-que-la-gobernadora-intervenga","status":"publish","type":"post","link":"http:\/\/elobservatorio.com.mx\/?p=29065","title":{"rendered":"IEE Colima sin dinero para organizar las elecciones; urgen ampliaci\u00f3n del presupuesto"},"content":{"rendered":"<p><em>*A trav\u00e9s de un pronuncionamiento que hacen las y los consejeros piden la urgente intervenci\u00f3n de la gobernadora, que, sabedores de su compromiso con la democracia, autorice la ampliaci\u00f3n presupuestal<\/em><\/p>\n<p>Ante la precaria situaci\u00f3n financiera por la que atraviesa el Instituto Electoral del Estado, que me honra presidir, por el recorte presupuestal de m\u00e1s del 70%, de lo solicitado para el ejercicio fiscal 2023, realizado por el Congreso del Estado, como Presidenta de este Consejo General, hago un llamado urgente a la Gobernadora Constitucional del Estado, Mtra. Indira Vizcaino Silva, para que autorice la ampliaci\u00f3n presupuestal solicitada por \u00e9ste Instituto desde mes de agosto del a\u00f1o en curso, e instruya a la Secretar\u00eda de Finanzas, a fin de que provea a \u00e9ste Instituto de los recursos necesarios, para que este \u00f3rgano electoral, pueda cumplir con la funci\u00f3n estatal, de organizar las elecciones constitucionales, para elegir a los diez Ayuntamientos de nuestro Estado y lleve a cabo la renovaci\u00f3n del Congreso Local.<\/p>\n<p>Sabedores de su compromiso con la democracia y con el pueblo de Colima, es que confiamos en su sensibilidad de que proveer\u00e1 los recursos necesarios, para que las y los Ciudadanos de Colima, tengan garantizados sus derechos pol\u00edticos electorales de votar y ser votados y para que este Organismo Electoral organice la elecci\u00f3n constitucional tal como lo mandata la Constituci\u00f3n General de la Rep\u00fablica y como lo merecen las y los Colimenses.<\/p>\n<p>En este momento, se encuentra en un muy grave riesgo el desarrollo del Proceso Electoral Local, por la falta absoluta de presupuesto para cubrir los gastos relativos a la preparaci\u00f3n de la jornada electoral; se tienen adeudos por el pago de rentas, no hay recursos para los gastos m\u00e1s elementales como son la energ\u00eda el\u00e9ctrica, telefon\u00eda, internet, e impuestos, am\u00e9n de papeler\u00eda, reparaciones de aparatos electr\u00f3nicos, no contamos ni siquiera con bater\u00edas para los veh\u00edculos del Instituto, ni para recargar los extintores de los distintos Consejos Electorales. No se cuenta con recursos para darle servicio de mantenimiento a los veh\u00edculos, aires acondicionados y edificios que albergan los Consejos Municipales.<\/p>\n<p>No omito se\u00f1alar que para los integrantes de este Consejo General, resulta muy preocupante en primer lugar que las y los Trabajadores de nuestro Instituto, desde el 15 de noviembre del presente a\u00f1o no hayan percibido su salario por el trabajo que desempe\u00f1an, no obstante que, en virtud de que desde el 11 de octubre, dio inicio el proceso electoral 2023-2024, tienen un horario ampliado de 9 de la ma\u00f1ana a 6 de la tarde, que est\u00e1n trabajando los s\u00e1bados y realizan guardias los domingos, toda vez a partir de esa fecha y hasta el 15 de octubre de 2024, para los organismos electorales todos los d\u00edas y horas son h\u00e1biles.<\/p>\n<p>De igual modo, las y los Consejeros Generales, tenemos 8 quincenas sin percibir nuestro salario, legalmente fijado en el c\u00f3digo electoral, por lo que algunos de nosotros, nos hemos visto en la penosa necesidad de solicitar pr\u00e9stamos personales y adem\u00e1s incumplir con obligaciones previamente contra\u00eddas, y hemos tenido que pagar intereses moratorios y recargos por los retrasos en los pagos de los cr\u00e9ditos.<\/p>\n<p>Es por dem\u00e1s penoso que en estas fechas decembrinas el Personal Administrativo, est\u00e9 con la incertidumbre de recibir el pago del salario a que tienen derecho y las prestaciones de fin de a\u00f1o que se han ganado.<\/p>\n<p>Desde este espacio, en virtud de todo lo que hasta aqu\u00ed descrito y de que desde hace m\u00e1s de tres meses hemos hecho diversas gestiones con varios funcionarios de primer nivel del Gobierno del Estado, sin obtener una respuesta favorable, que nos permita desempe\u00f1ar nuestras funciones de manera \u00f3ptima, es que solicitamos una reuni\u00f3n presencial con Usted Se\u00f1ora Gobernadora, el d\u00eda lunes 11 de diciembre del a\u00f1o en curso, para hacerle saber de viva voz, las necesidades de esta Instituci\u00f3n, con la finalidad de que d\u00e9 las instrucciones pertinentes a los integrantes de su Gabinete, para que se dote al Instituto Electoral del Estado de los recursos necesarios, para solventar todas las obligaciones previamente contra\u00eddas y concluir apropiadamente el ejercicio fiscal 2023.<\/p>\n<p>Tengo la seguridad de que resolver\u00e1 en tiempo y forma, este grave problema en que se halla inmerso el Instituto Electoral del Estado.<\/p>\n<p>Licda. Mar\u00eda Elena Adriana Ruiz Visfocri.<\/p>\n<p>Consejera Presidenta del Instituto Electoral del Estado de Colima.<\/p>\n<p>&nbsp;<\/p>\n<p>&nbsp;<\/p>\n<p>&nbsp;<\/p>\n<p>&nbsp;<\/p>\n<p>&nbsp;<\/p>\n","protected":false},"excerpt":{"rendered":"<p>*A trav\u00e9s de un pronuncionamiento que hacen las y los consejeros piden la urgente intervenci\u00f3n de la gobernadora, que, sabedores de su compromiso con la democracia, autorice la ampliaci\u00f3n presupuestal Ante la precaria situaci\u00f3n financiera por la que atraviesa el Instituto Electoral del Estado, que me honra presidir, por el recorte presupuestal de m\u00e1s del&#8230;<\/p>\n","protected":false},"author":2,"featured_media":29066,"comment_status":"open","ping_status":"open","sticky":false,"template":"","format":"standard","meta":{"footnotes":""},"categories":[12],"tags":[29,30,28],"class_list":["post-29065","post","type-post","status-publish","format-standard","has-post-thumbnail","hentry","category-sociedad","tag-grid","tag-news","tag-slider"],"_links":{"self":[{"href":"http:\/\/elobservatorio.com.mx\/index.php?rest_route=\/wp\/v2\/posts\/29065"}],"collection":[{"href":"http:\/\/elobservatorio.com.mx\/index.php?rest_route=\/wp\/v2\/posts"}],"about":[{"href":"http:\/\/elobservatorio.com.mx\/index.php?rest_route=\/wp\/v2\/types\/post"}],"author":[{"embeddable":true,"href":"http:\/\/elobservatorio.com.mx\/index.php?rest_route=\/wp\/v2\/users\/2"}],"replies":[{"embeddable":true,"href":"http:\/\/elobservatorio.com.mx\/index.php?rest_route=%2Fwp%2Fv2%2Fcomments&post=29065"}],"version-history":[{"count":2,"href":"http:\/\/elobservatorio.com.mx\/index.php?rest_route=\/wp\/v2\/posts\/29065\/revisions"}],"predecessor-version":[{"id":29068,"href":"http:\/\/elobservatorio.com.mx\/index.php?rest_route=\/wp\/v2\/posts\/29065\/revisions\/29068"}],"wp:featuredmedia":[{"embeddable":true,"href":"http:\/\/elobservatorio.com.mx\/index.php?rest_route=\/wp\/v2\/media\/29066"}],"wp:attachment":[{"href":"http:\/\/elobservatorio.com.mx\/index.php?rest_route=%2Fwp%2Fv2%2Fmedia&parent=29065"}],"wp:term":[{"taxonomy":"category","embeddable":true,"href":"http:\/\/elobservatorio.com.mx\/index.php?rest_route=%2Fwp%2Fv2%2Fcategories&post=29065"},{"taxonomy":"post_tag","embeddable":true,"href":"http:\/\/elobservatorio.com.mx\/index.php?rest_route=%2Fwp%2Fv2%2Ftags&post=29065"}],"curies":[{"name":"wp","href":"https:\/\/api.w.org\/{rel}","templated":true}]}}