{"id":29073,"date":"2023-12-13T16:56:06","date_gmt":"2023-12-13T22:56:06","guid":{"rendered":"http:\/\/elobservatorio.com.mx\/?p=29073"},"modified":"2023-12-13T16:56:06","modified_gmt":"2023-12-13T22:56:06","slug":"anuncia-margarita-moreno-caravana-de-la-alegria-2023-en-el-marco-del-festival-vive-colima-la-navidad-2023","status":"publish","type":"post","link":"http:\/\/elobservatorio.com.mx\/?p=29073","title":{"rendered":"Anuncia Margarita Moreno Caravana de la Alegr\u00eda 2023 en el marco del festival \u00abVive Colima la Navidad 2023\u00bb"},"content":{"rendered":"<p><em>*La presidenta municipal de Colima precis\u00f3 que este recorrido se llevar\u00e1 a cabo este jueves 14 de diciembre y arrancar\u00e1 a las 4:30 de la tarde en la avenida Constituci\u00f3n<\/em>.<\/p>\n<p>Con la intenci\u00f3n de llevar alegr\u00eda y diversi\u00f3n a la ni\u00f1ez del municipio a trav\u00e9s de carros aleg\u00f3ricos que desfilar\u00e1n por las principales avenidas del municipio, la presidenta municipal de Colima, Margarita Moreno, anunci\u00f3 el arranque de la Caravana de la Alegr\u00eda de Navidad 2023, se llevar\u00e1 a cabo este jueves 14 de diciembre, en el marco del festival Vive Colima la Navidad 2023.<\/p>\n<p>Margarita Moreno precis\u00f3 que esta Caravana de la Alegr\u00eda iniciar\u00e1 a las 4:30 de la tarde en la Avenida Constituci\u00f3n, seguir\u00e1 por la Felipe Sevilla del R\u00edo, continuar\u00e1 por Camino Real, avanzar\u00e1 por Calzada Galv\u00e1n, se prolongar\u00e1 por la Avenida Madero y concluir\u00e1 finalmente en el Jard\u00edn Libertad.<\/p>\n<p>As\u00ed, destac\u00f3 Margarita Moreno, da formalmente inicio a las actividades del Festival Vive Colima La Navidad, cuyo objetivo es seguir propiciando espacios para la convivencia familiar, al tiempo de que se generan condiciones para la reactivaci\u00f3n econ\u00f3mica.<\/p>\n<p>Finalmente, Margarita Moreno invit\u00f3 a todas las familias a participar en esta Caravana de la Alegr\u00eda de Navidad, as\u00ed como los dem\u00e1s eventos programados por el Festival Vive Colima, pues el objetivo es mantener iluminado el centro con la presencia y alegr\u00eda de las familias.<\/p>\n","protected":false},"excerpt":{"rendered":"<p>*La presidenta municipal de Colima precis\u00f3 que este recorrido se llevar\u00e1 a cabo este jueves 14 de diciembre y arrancar\u00e1 a las 4:30 de la tarde en la avenida Constituci\u00f3n. Con la intenci\u00f3n de llevar alegr\u00eda y diversi\u00f3n a la ni\u00f1ez del municipio a trav\u00e9s de carros aleg\u00f3ricos que desfilar\u00e1n por las principales avenidas del&#8230;<\/p>\n","protected":false},"author":2,"featured_media":29074,"comment_status":"open","ping_status":"open","sticky":false,"template":"","format":"standard","meta":{"footnotes":""},"categories":[33,8],"tags":[29,30,28],"class_list":["post-29073","post","type-post","status-publish","format-standard","has-post-thumbnail","hentry","category-armeria","category-municipios","tag-grid","tag-news","tag-slider"],"_links":{"self":[{"href":"http:\/\/elobservatorio.com.mx\/index.php?rest_route=\/wp\/v2\/posts\/29073"}],"collection":[{"href":"http:\/\/elobservatorio.com.mx\/index.php?rest_route=\/wp\/v2\/posts"}],"about":[{"href":"http:\/\/elobservatorio.com.mx\/index.php?rest_route=\/wp\/v2\/types\/post"}],"author":[{"embeddable":true,"href":"http:\/\/elobservatorio.com.mx\/index.php?rest_route=\/wp\/v2\/users\/2"}],"replies":[{"embeddable":true,"href":"http:\/\/elobservatorio.com.mx\/index.php?rest_route=%2Fwp%2Fv2%2Fcomments&post=29073"}],"version-history":[{"count":1,"href":"http:\/\/elobservatorio.com.mx\/index.php?rest_route=\/wp\/v2\/posts\/29073\/revisions"}],"predecessor-version":[{"id":29075,"href":"http:\/\/elobservatorio.com.mx\/index.php?rest_route=\/wp\/v2\/posts\/29073\/revisions\/29075"}],"wp:featuredmedia":[{"embeddable":true,"href":"http:\/\/elobservatorio.com.mx\/index.php?rest_route=\/wp\/v2\/media\/29074"}],"wp:attachment":[{"href":"http:\/\/elobservatorio.com.mx\/index.php?rest_route=%2Fwp%2Fv2%2Fmedia&parent=29073"}],"wp:term":[{"taxonomy":"category","embeddable":true,"href":"http:\/\/elobservatorio.com.mx\/index.php?rest_route=%2Fwp%2Fv2%2Fcategories&post=29073"},{"taxonomy":"post_tag","embeddable":true,"href":"http:\/\/elobservatorio.com.mx\/index.php?rest_route=%2Fwp%2Fv2%2Ftags&post=29073"}],"curies":[{"name":"wp","href":"https:\/\/api.w.org\/{rel}","templated":true}]}}