{"id":29076,"date":"2023-12-13T17:05:01","date_gmt":"2023-12-13T23:05:01","guid":{"rendered":"http:\/\/elobservatorio.com.mx\/?p=29076"},"modified":"2023-12-13T17:05:01","modified_gmt":"2023-12-13T23:05:01","slug":"cumple-tey-con-la-rehabilitacion-del-parque-publico-en-real-santa-fe","status":"publish","type":"post","link":"http:\/\/elobservatorio.com.mx\/?p=29076","title":{"rendered":"Cumple Tey con la rehabilitaci\u00f3n del Parque P\u00fablico en Real Santa Fe"},"content":{"rendered":"<p>*Ante vecinas y vecinos de la colonia, la Alcaldesa hizo la entrega formal de la obra<\/p>\n<p>Villa de \u00c1lvarez, Col.- La Presidenta Municipal Tey Guti\u00e9rrez Andrade, entreg\u00f3 a vecinas y vecinos de Real Santa Fe la obra de Rehabilitaci\u00f3n del Parque P\u00fablico de esa colonia, en la que se invirtieron 417 mil 500 pesos de recursos p\u00fablicos del municipio de Villa de \u00c1lvarez.<\/p>\n<p>En el Parque P\u00fablico, ubicado en la esquina de la Avenida Del Lago y calle M\u00fanich, se colocaron 338 metros cuadrados de techumbre, consistentes en una mallasombra antihongo y antimoho; rehabilitaci\u00f3n de juegos infantiles y aparatos de ejercicio; instalaci\u00f3n de nuevos juegos; aplicaci\u00f3n de pintura en bancas, y postes de luminarias.<\/p>\n<p>La Alcaldesa Tey Guti\u00e9rrez inform\u00f3 que con la entrega de la obra, que beneficiar\u00e1 a m\u00e1s de 570 habitantes de esa colonia, se da cumplimiento a una m\u00e1s de las 241 Metas Estrat\u00e9gicas del Programa de Gobierno para el A\u00f1o 2023, contenida en el apartado Desarrollo Urban\u00edstico y Arm\u00f3nico de la Ciudad y Comunidades del Municipio.<\/p>\n<p>Dijo que en las obras de modernizaci\u00f3n de la red de alumbrado p\u00fablico est\u00e1n considerados los parques y jardines de esa colonia ubicada al norte de la Ciudad de Villa de \u00c1lvarez, acciones que tambi\u00e9n est\u00e1n contempladas entre las Metas Estrat\u00e9gicas del A\u00f1o 2023 y que ser\u00e1n cumplidas en los pr\u00f3ximos d\u00edas.<\/p>\n<p>Record\u00f3 que en esa colonia se han hecho varias obras durante 2023, entre ellas la construcci\u00f3n del colector pluvial en la calle Prolongaci\u00f3n Hidalgo, \u201cobra largamente exigida por las vecinas y vecinos, no s\u00f3lo de la colonia Real Santa Fe, sino de las colonias de esta zona de la Ciudad en la que se invirtieron 9 millones de pesos\u201d.<\/p>\n<p>A la entrega de la obra de Rehabilitaci\u00f3n del Parque P\u00fablico de la colonia Real Santa Fe, adem\u00e1s de vecinas, vecinos y liderazgos del Comit\u00e9 de Barrio, asistieron la Regidora Perla V\u00e1zquez; el Secretario del Ayuntamiento, Alfredo Ch\u00e1vez, y el Contralor Municipal, Jos\u00e9 Luis Urz\u00faa, entre otras y otros funcionarios municipales.<\/p>\n","protected":false},"excerpt":{"rendered":"<p>*Ante vecinas y vecinos de la colonia, la Alcaldesa hizo la entrega formal de la obra Villa de \u00c1lvarez, Col.- La Presidenta Municipal Tey Guti\u00e9rrez Andrade, entreg\u00f3 a vecinas y vecinos de Real Santa Fe la obra de Rehabilitaci\u00f3n del Parque P\u00fablico de esa colonia, en la que se invirtieron 417 mil 500 pesos de&#8230;<\/p>\n","protected":false},"author":2,"featured_media":29077,"comment_status":"open","ping_status":"open","sticky":false,"template":"","format":"standard","meta":{"footnotes":""},"categories":[8,42],"tags":[29,30,28],"class_list":["post-29076","post","type-post","status-publish","format-standard","has-post-thumbnail","hentry","category-municipios","category-villa-de-alvarez","tag-grid","tag-news","tag-slider"],"_links":{"self":[{"href":"http:\/\/elobservatorio.com.mx\/index.php?rest_route=\/wp\/v2\/posts\/29076"}],"collection":[{"href":"http:\/\/elobservatorio.com.mx\/index.php?rest_route=\/wp\/v2\/posts"}],"about":[{"href":"http:\/\/elobservatorio.com.mx\/index.php?rest_route=\/wp\/v2\/types\/post"}],"author":[{"embeddable":true,"href":"http:\/\/elobservatorio.com.mx\/index.php?rest_route=\/wp\/v2\/users\/2"}],"replies":[{"embeddable":true,"href":"http:\/\/elobservatorio.com.mx\/index.php?rest_route=%2Fwp%2Fv2%2Fcomments&post=29076"}],"version-history":[{"count":1,"href":"http:\/\/elobservatorio.com.mx\/index.php?rest_route=\/wp\/v2\/posts\/29076\/revisions"}],"predecessor-version":[{"id":29078,"href":"http:\/\/elobservatorio.com.mx\/index.php?rest_route=\/wp\/v2\/posts\/29076\/revisions\/29078"}],"wp:featuredmedia":[{"embeddable":true,"href":"http:\/\/elobservatorio.com.mx\/index.php?rest_route=\/wp\/v2\/media\/29077"}],"wp:attachment":[{"href":"http:\/\/elobservatorio.com.mx\/index.php?rest_route=%2Fwp%2Fv2%2Fmedia&parent=29076"}],"wp:term":[{"taxonomy":"category","embeddable":true,"href":"http:\/\/elobservatorio.com.mx\/index.php?rest_route=%2Fwp%2Fv2%2Fcategories&post=29076"},{"taxonomy":"post_tag","embeddable":true,"href":"http:\/\/elobservatorio.com.mx\/index.php?rest_route=%2Fwp%2Fv2%2Ftags&post=29076"}],"curies":[{"name":"wp","href":"https:\/\/api.w.org\/{rel}","templated":true}]}}