{"id":29149,"date":"2023-12-28T16:25:50","date_gmt":"2023-12-28T22:25:50","guid":{"rendered":"http:\/\/elobservatorio.com.mx\/?p=29149"},"modified":"2023-12-28T16:26:42","modified_gmt":"2023-12-28T22:26:42","slug":"continua-la-mejora-de-las-condiciones-de-canchas-en-colima-margarita-moreno","status":"publish","type":"post","link":"http:\/\/elobservatorio.com.mx\/?p=29149","title":{"rendered":"Contin\u00faa la mejora de las condiciones de canchas en Colima: Margarita Moreno"},"content":{"rendered":"<p><em>*Se colocaron nuevas luminarias en la cancha de la colonia Las Amarillas.\u00a0 <\/em><\/p>\n<p>Al destacar el trabajo ininterrumpido para seguir rehabilitando y mejorando las canchas y unidades deportivas de la capital, la presidenta municipal de Colima, Margarita Moreno, afirm\u00f3 que se seguir\u00e1 trabajando a favor de las familias, dot\u00e1ndolas de espacios de recreaci\u00f3n y fomento deportivo.<\/p>\n<p>Margarita Moreno inform\u00f3 que personal de la direcci\u00f3n de Servicios P\u00fablicos del Ayuntamiento de Colima coloc\u00f3 8 reflectores en la cancha deportiva de la colonia Las Amarillas, as\u00ed como 14 postes de luz, entre otras acciones de rehabilitaci\u00f3n para mejorar las condiciones de este espacio.<\/p>\n<p>En ese sentido, Margarita Moreno afirm\u00f3 que durante su administraci\u00f3n se han rehabilitado y mejorado las condiciones f\u00edsicas de canchas multideportivas, entre otros espacios donde conviven las familias y cuyas instalaciones son utilizadas tambi\u00e9n para fomentar el deporte.<\/p>\n<p>Al respecto, Margarita Moreno asegur\u00f3 que el deporte, el arte y la cultura son herramientas indispensables para la construcci\u00f3n de la paz y la regeneraci\u00f3n del tejido social, por lo cual durante su administraci\u00f3n se ha impulsado el rescate de canchas y unidades deportivas.<\/p>\n<p>Finalmente, Margarita Moreno reiter\u00f3 que seguir\u00e1 trabajando a favor de las familias de Colima, con acciones y obras como el rescate de espacios p\u00fablicos, demostrando que en Colima los impuestos est\u00e1n trabajando a favor de la poblaci\u00f3n.<\/p>\n<p>&nbsp;<\/p>\n","protected":false},"excerpt":{"rendered":"<p>*Se colocaron nuevas luminarias en la cancha de la colonia Las Amarillas.\u00a0 Al destacar el trabajo ininterrumpido para seguir rehabilitando y mejorando las canchas y unidades deportivas de la capital, la presidenta municipal de Colima, Margarita Moreno, afirm\u00f3 que se seguir\u00e1 trabajando a favor de las familias, dot\u00e1ndolas de espacios de recreaci\u00f3n y fomento deportivo&#8230;.<\/p>\n","protected":false},"author":2,"featured_media":29150,"comment_status":"open","ping_status":"open","sticky":false,"template":"","format":"standard","meta":{"footnotes":""},"categories":[36,8],"tags":[29,30,28],"class_list":["post-29149","post","type-post","status-publish","format-standard","has-post-thumbnail","hentry","category-colima","category-municipios","tag-grid","tag-news","tag-slider"],"_links":{"self":[{"href":"http:\/\/elobservatorio.com.mx\/index.php?rest_route=\/wp\/v2\/posts\/29149"}],"collection":[{"href":"http:\/\/elobservatorio.com.mx\/index.php?rest_route=\/wp\/v2\/posts"}],"about":[{"href":"http:\/\/elobservatorio.com.mx\/index.php?rest_route=\/wp\/v2\/types\/post"}],"author":[{"embeddable":true,"href":"http:\/\/elobservatorio.com.mx\/index.php?rest_route=\/wp\/v2\/users\/2"}],"replies":[{"embeddable":true,"href":"http:\/\/elobservatorio.com.mx\/index.php?rest_route=%2Fwp%2Fv2%2Fcomments&post=29149"}],"version-history":[{"count":1,"href":"http:\/\/elobservatorio.com.mx\/index.php?rest_route=\/wp\/v2\/posts\/29149\/revisions"}],"predecessor-version":[{"id":29151,"href":"http:\/\/elobservatorio.com.mx\/index.php?rest_route=\/wp\/v2\/posts\/29149\/revisions\/29151"}],"wp:featuredmedia":[{"embeddable":true,"href":"http:\/\/elobservatorio.com.mx\/index.php?rest_route=\/wp\/v2\/media\/29150"}],"wp:attachment":[{"href":"http:\/\/elobservatorio.com.mx\/index.php?rest_route=%2Fwp%2Fv2%2Fmedia&parent=29149"}],"wp:term":[{"taxonomy":"category","embeddable":true,"href":"http:\/\/elobservatorio.com.mx\/index.php?rest_route=%2Fwp%2Fv2%2Fcategories&post=29149"},{"taxonomy":"post_tag","embeddable":true,"href":"http:\/\/elobservatorio.com.mx\/index.php?rest_route=%2Fwp%2Fv2%2Ftags&post=29149"}],"curies":[{"name":"wp","href":"https:\/\/api.w.org\/{rel}","templated":true}]}}