{"id":29173,"date":"2024-01-02T14:21:45","date_gmt":"2024-01-02T20:21:45","guid":{"rendered":"https:\/\/elobservatorio.com.mx\/?p=29173"},"modified":"2024-01-02T14:27:54","modified_gmt":"2024-01-02T20:27:54","slug":"estoy-harta-de-ver-como-llegan-al-poder-a-pagar-favores-politicos-y-a-servirse-gaby-rodriguez","status":"publish","type":"post","link":"http:\/\/elobservatorio.com.mx\/?p=29173","title":{"rendered":"Estoy harta de ver c\u00f3mo llegan al poder a pagar favores pol\u00edticos y a servirse: Gaby Rodr\u00edguez"},"content":{"rendered":"<p><em>*La precandidata de Movimiento Ciudadano al ayuntamiento de Colima, dijo en entrevista que como auditora le toc\u00f3 hacer labor de fiscalizaci\u00f3n de recursos p\u00fablicos y descubri\u00f3 c\u00f3mo se\u00a0 robaban el dinero y los responsables eran exonerados en el Congreso,\u00a0 por acuerdos pol\u00edticos\u00a0<\/em><\/p>\n<p>Colima Col.- <strong>Gaby Rodr\u00edguez<\/strong>, precandadita de MC a la alcald\u00eda de Colima, en entrevista para <em>El Observatorio<\/em>, coment\u00f3 que su slogan de \u00abLa Nueva para Colima\u00bb, se debe a que al igual que la mayor\u00eda de la gente, est\u00e1 harta de ver las mismas caras, las mismas personas que nom\u00e1s le est\u00e1n dando vueltas a los espacios p\u00fablicos y adem\u00e1s es tiempo de las mujeres y de caras nuevas.<\/p>\n<p>Agreg\u00f3 que la ciudadan\u00eda quiere nuevos servidores y\u00a0 servidoras p\u00fablicas. \u00abSoy una cara nueva, lejos de ser pol\u00edtica, soy ciudadana y me anim\u00e9 a participar en esta contienda y aqu\u00ed estoy y ese fue el slogan que quisimos Gaby Rodr\u00edguez, La Nueva para Colima\u00bb.<\/p>\n<p>Sobre su perfil, coment\u00f3 que es contadora, estudi\u00f3 contabilidad en la Universidad de Colima, adem\u00e1s cuenta con una maestr\u00eda en G\u00e9nero, Derecho y Proceso Penal, un diplomado en Derechos Humanos y Nerurolinguistica, sin olvidar que desde peque\u00f1a sus padres la ense\u00f1aron a trabajar\u00a0 en sus negocios, cuando iniciaron con una tortiller\u00eda que despu\u00e9s la tuvieron que vender por cuestiones de salud de su padre, posteriormente comenzaron con una peque\u00f1a tienda que\u00a0 fueron creciendo al grado que abrieron hasta tres tiendas de abarrotes .<\/p>\n<p>\u00abDe ni\u00f1a de 12 a\u00f1os empezar en el comercio es algo que me gustaba,\u00a0 mis padres me ense\u00f1aron a trabajar, conclu\u00ed mis estudios y al mes y medio encontr\u00e9 trabajo en un banco, hice carrera bancaria por m\u00e1s de doce a\u00f1os cuidando el dinero de la gente de manera particular y hoy que ando en precampa\u00f1a mucha gente que me ve me recuerda con gran cari\u00f1o por el tiempo que estuve ah\u00ed sirviendo, saliendo del banco estuve en otras empresas, por m\u00e1s de seis a\u00f1os trabaj\u00e9 en el sector p\u00fablico,\u00a0 trabaj\u00e9 como auditora en el Organo Superior de Auditor\u00eda y Fiscalizaci\u00f3n Gubernamental (OSAFIG),\u00a0 de ah\u00ed tuve la oportunidad de participar en una convocatoria para la Auditoria Superior de la Federaci\u00f3n en donde trabaj\u00e9 como auditora haciendo la labor de fiscalizar los p\u00fablicos en los ayuntamientos y el Estado de Colima\u00bb.<\/p>\n<p>Gaby Rodr\u00edguez se\u00f1al\u00f3 que como auditora se dio cuenta c\u00f3mo se desviaba o se robaban el dinero los funcionarios, pero lo m\u00e1s triste e impotencia que sent\u00eda,\u00a0 de que era una simple auditora,<\/p>\n<p>\u00abhac\u00eda mi trabajo,\u00a0 se entregaban los resultados,\u00a0 \u00e9stos se van al Congreso y ah\u00ed hay una comisi\u00f3n encargada de castigar esos actos,\u00a0 adem\u00e1s de la Fiscal\u00eda, pero la impotencia que sent\u00eda es que por acuerdos pol\u00edticos en el Congreso estas personas que robaban los recursos, llegaban con acuerdos con los diputados en turno y\u00a0 eran exonerados, no pasaba nada,\u00a0 se pod\u00edan llevar el dinero de la gente y como si nada.\u00a0 Por eso quiero estar ahora de este lado como una verdadera servidora p\u00fablica,\u00a0 que no es otra cosa m\u00e1s que administrar muy bien los recursos que es el dinero de la gente\u00bb.<\/p>\n<p>Aparte de trabajar como auditora, dijo, trabaj\u00e9 como directora general del Instituto de las mujeres en el municipio de Colima en la pasada administraci\u00f3n,\u00a0 eso permiti\u00f3 darme cuenta de la gran necesidad que hay de trabajar para fortalecer los valores de las familias,\u00a0 porque es desde el seno familiar donde se gestan a temprana edad la educaci\u00f3n.\u00a0 los valores que al final es el fruto que damos en la\u00a0 sociedad, cada uno como persona, juntos formamos una ciudadan\u00eda,\u00a0 por eso debemos fortalecer muy bien estos valores para que haya una mejor sociedad armoniosa y que todos podamos ayudar a contribuir a una cultura de paz.<\/p>\n<p>\u00abQuiero llegar al ayuntamiento porque anhelo una administraci\u00f3n prospera,\u00a0 que nos vaya bien a todos y a todas,\u00a0 quiero llegar a trabajar bien,\u00a0 a servir,\u00a0 porque tengo claro lo que es una verdadera servidora p\u00fablica, ya me cans\u00e9 al igual que muchas personas de que solo lleguen a servirse y a pagar favores, quiero llegar sin ataduras de manos, sin compromisos con nadie, mi unico compromiso ser\u00e1 con la ciudadan\u00eda, quiero llegar a trabajar, quiero que me recuerden bien, quiero pasar a la historia bien calificada por la sociedad, porque voy a llegar a trabajar bien y escuchar a la gente qu\u00e9 es lo que pasa en sus colonias, qu\u00e9 es lo que pasa en sus negocios, en los mercados, en los tianguis, ahorita que ando caminando escucho muchas quejas, hay muchas necesidades en ellos\u00bb.<\/p>\n<p>Respecto a su posible gabinete, coment\u00f3 que un gobierno debe trabajar de la mano de la gente porque ellos son los que saben lo que necesitan,\u00a0 somos sus empleados por as\u00ed decirlo y vamos a trabajar con ellos de la mano, quiero un municipio que brinde servicios p\u00fablicos de calidad y calidez, un DIF municipal donde se le d\u00e9 soluci\u00f3n a los adultos mayores, ni\u00f1os y ni\u00f1as, a las mujeres, hombres, jovenes y creo que este trabajo lo har\u00e1 muy bien mi esposo a mi lado, de mi mano, quien conoce a Omar Su\u00e1rez que es mi esposo,\u00a0 sabe que \u00e9l siempre ha abanderado causas sociales, adem\u00e1s le apasiona el arte y la cultura, tambi\u00e9n se ha caracterizado por ayudar a las familias del municipio de Colima por eso est\u00e1 puesto a trabajar por las familias de Colima y yo puesta a trabajar y administar muy bien los recursos del ayuntamiento de Colima.<\/p>\n<p>Fu\u00ed candidata al distrito local I de Colima\u00a0 y ahorita que ando caminando la gente me recuerda,\u00a0 tenemos camino andado, adem\u00e1s de combinar con asociaciones, todos mis trabajos que he realizado siempre los he acompa\u00f1ado de la parte social, no estoy inventado un perfil,\u00a0 quien me conoce sabe que \u00e9sta es Gaby Rodr\u00edguez,\u00a0 que no estoy maquilando una imagen que no es como muchos lo hacen, me considero que tengo un perfil integral desde peque\u00f1a cuando me ense\u00f1aron a trabajar, he trabajado en la Iniciativa Privada,\u00a0 en el sector p\u00fablico y todo esto combinado con los valores y educaci\u00f3n que mis padres me dieron y creo que esos son los perfiles que necesita Colima, necesitamos cambiar este rumbo y lo podemos hacer todos y todas de la mano.<\/p>\n<p>Respecto al tema de seguridad, mencion\u00f3 que, lo que est\u00e1 en manos del ayuntamiento, me comprometo a formar una polic\u00eda de proximidad y el transito municipal,\u00a0 adem\u00e1s capacitar a los elementos, equiparlos, capacitarlos para que salgan a las calles, porque en muchas ocasiones ellos son los primeros respondientes de los actos violentos que podemos ver en las calles,\u00a0 por eso deben estar preparados profesionalmente pero adem\u00e1s bien equipados.<\/p>\n<p>Para brindar servicios p\u00fablicos de calidad debemos trabajar muy de la mano con los dos sindicatos que tiene el ayuntamiento porque son la fuerza de trabajo, son quienes brindan los servicios p\u00fablicos,\u00a0 por eso hay que trabajar en coordinaci\u00f3n,\u00a0 sin pelearse con nadie, as\u00ed no se suma, se les deben respetar todos sus logros sindicales, pagarles a tiempo porque se lo merecen, tenemos que llegar a trabajar con la ciudadan\u00eda,\u00a0 con un ayuntamiento\u00a0 al interior,\u00a0 todo el personal de la mano y que vuelva esta armonia a este municipio que tanto queremos,\u00a0 que nos ha visto crecer y que\u00a0 anhelamos ese Colima de ayer.<\/p>\n<p>Abund\u00f3 que su equipo de trabajo tendr\u00e1\u00a0 a los mejores perfiles, \u00abcuidar\u00e9 mucho que en cada area del ayuntamiento lleguen mujeres y hombres con perfiles profesionales adecuados, adem\u00e1s que se comprometan a servir con calidad y calidez como lo hice en el Instituto de las Mujeres, a mi cargo estaban abogados, psic\u00f3logas, trabajadoras sociales y lo primero que les dije es que llegamos al cargo nom\u00e1s por tres a\u00f1os y llegamos a servir a la gente como servidores p\u00fablicos,\u00a0 si no pueden con el cargo que renuncien y habr\u00e1 alguien m\u00e1s que si lo pueda hacer porque en cualquier ente de gobierno quien debe tener claro lo que quiere primero es la cabeza y de ah\u00ed para abajo se desprende todo, por eso no tolarer\u00e9 actos de corrupci\u00f3n, moches, ya basta,\u00a0 para que pueda rendir el dinero y se puedan hacer muchas cosas en beneficio de la ciudadan\u00eda, la cabeza es la principal, la que debe de estar bien consciente, bien segura de qu\u00e9 es lo que quiere, hacerse llegar de un equipo con los perfiles profesionales y sobretodo poner mano dura,\u00a0 sea o no tu amigo o compadre, tiene que llegar gente que quiera servir.\u00bb<\/p>\n<p>Finalmente inform\u00f3 que ma\u00f1ana concluye la precampa\u00f1a, aunque la gente no puede votar aun, es el partido el que decidir\u00e1 hasta el 31 de marzo por las personas que andan en precampa\u00f1a pretendiendo la candidatura a la alcald\u00eda de Colima, el partido decidir\u00e1 hasta esa fecha cu\u00e1l ser\u00e1 la oficial para\u00a0 contender con los dem\u00e1s partidos, pero sin duda que se tomar\u00e1 la mejor decisi\u00f3n porque le interesa ganar la alcald\u00eda y m\u00e1s la capital del estado y, estoy lista para serlo\u00bb.<\/p>\n<p>&nbsp;<\/p>\n","protected":false},"excerpt":{"rendered":"<p>*La precandidata de Movimiento Ciudadano al ayuntamiento de Colima, dijo en entrevista que como auditora le toc\u00f3 hacer labor de fiscalizaci\u00f3n de recursos p\u00fablicos y descubri\u00f3 c\u00f3mo se\u00a0 robaban el dinero y los responsables eran exonerados en el Congreso,\u00a0 por acuerdos pol\u00edticos\u00a0 Colima Col.- Gaby Rodr\u00edguez, precandadita de MC a la alcald\u00eda de Colima, en&#8230;<\/p>\n","protected":false},"author":2,"featured_media":29174,"comment_status":"open","ping_status":"open","sticky":false,"template":"","format":"standard","meta":{"footnotes":""},"categories":[43,10],"tags":[29,30,28],"class_list":["post-29173","post","type-post","status-publish","format-standard","has-post-thumbnail","hentry","category-entrevista","category-politica","tag-grid","tag-news","tag-slider"],"_links":{"self":[{"href":"http:\/\/elobservatorio.com.mx\/index.php?rest_route=\/wp\/v2\/posts\/29173"}],"collection":[{"href":"http:\/\/elobservatorio.com.mx\/index.php?rest_route=\/wp\/v2\/posts"}],"about":[{"href":"http:\/\/elobservatorio.com.mx\/index.php?rest_route=\/wp\/v2\/types\/post"}],"author":[{"embeddable":true,"href":"http:\/\/elobservatorio.com.mx\/index.php?rest_route=\/wp\/v2\/users\/2"}],"replies":[{"embeddable":true,"href":"http:\/\/elobservatorio.com.mx\/index.php?rest_route=%2Fwp%2Fv2%2Fcomments&post=29173"}],"version-history":[{"count":3,"href":"http:\/\/elobservatorio.com.mx\/index.php?rest_route=\/wp\/v2\/posts\/29173\/revisions"}],"predecessor-version":[{"id":29177,"href":"http:\/\/elobservatorio.com.mx\/index.php?rest_route=\/wp\/v2\/posts\/29173\/revisions\/29177"}],"wp:featuredmedia":[{"embeddable":true,"href":"http:\/\/elobservatorio.com.mx\/index.php?rest_route=\/wp\/v2\/media\/29174"}],"wp:attachment":[{"href":"http:\/\/elobservatorio.com.mx\/index.php?rest_route=%2Fwp%2Fv2%2Fmedia&parent=29173"}],"wp:term":[{"taxonomy":"category","embeddable":true,"href":"http:\/\/elobservatorio.com.mx\/index.php?rest_route=%2Fwp%2Fv2%2Fcategories&post=29173"},{"taxonomy":"post_tag","embeddable":true,"href":"http:\/\/elobservatorio.com.mx\/index.php?rest_route=%2Fwp%2Fv2%2Ftags&post=29173"}],"curies":[{"name":"wp","href":"https:\/\/api.w.org\/{rel}","templated":true}]}}