{"id":29179,"date":"2024-01-02T18:22:54","date_gmt":"2024-01-03T00:22:54","guid":{"rendered":"https:\/\/elobservatorio.com.mx\/?p=29179"},"modified":"2024-01-02T18:40:03","modified_gmt":"2024-01-03T00:40:03","slug":"por-robar-mas-de-2-millones-de-pesos-de-una-empresa-un-hombre-es-sentencia-a-mas-de-8-anos-de-prision","status":"publish","type":"post","link":"http:\/\/elobservatorio.com.mx\/?p=29179","title":{"rendered":"Por robar m\u00e1s de 2 millones de pesos de una empresa, un hombre es sentenciado a m\u00e1s de 8 a\u00f1os de prisi\u00f3n"},"content":{"rendered":"<p><em>*Fue empleado del referido lugar del que sustrajo la fuerte cantidad de dinero<\/em><\/p>\n<p>La Fiscal\u00eda General del Estado (FGE) mediante el desahogo de pruebas suficientes, logr\u00f3 conseguir la sentencia condenatoria para Francisco Javier \u201cN\u201d por el delito de robo calificado cometido en agravio de una empresa misma de la que fue empleado.<\/p>\n<p>El hecho se suscit\u00f3 en agosto del a\u00f1o 2022 cuando el ahora sentenciado ingres\u00f3 al establecimiento ubicado en la colonia Jardines del Chamizal en el municipio de Tecom\u00e1n y sustrajo el dinero en efectivo, toda vez que contaba con conocimiento para poder disponer del mismo.<\/p>\n<p>Luego de lo acontecido y del proceso correspondiente, el imputado fue puesto a disposici\u00f3n del Juez de Control, mismo que dict\u00f3 la sentencia condenatoria imponi\u00e9ndole las sanciones de 8 a\u00f1os y 3 meses de prisi\u00f3n, el pago econ\u00f3mico de una multa, as\u00ed como el de la reparaci\u00f3n del da\u00f1o.<\/p>\n<p>De esta manera la Fiscal\u00eda del Estado sigue cumpliendo con la adecuada integraci\u00f3n de las carpetas de investigaci\u00f3n, a fin de lograr sentencias condenatorias y las sanciones que la ley establece, para lograr la plena justicia y evitar la impunidad.<\/p>\n<p>La instituci\u00f3n contin\u00faa llamando a la poblaci\u00f3n a denunciar los actos delictivos a las l\u00edneas 089 para denuncia an\u00f3nima y 911 para el reporte de las emergencias.<\/p>\n","protected":false},"excerpt":{"rendered":"<p>*Fue empleado del referido lugar del que sustrajo la fuerte cantidad de dinero La Fiscal\u00eda General del Estado (FGE) mediante el desahogo de pruebas suficientes, logr\u00f3 conseguir la sentencia condenatoria para Francisco Javier \u201cN\u201d por el delito de robo calificado cometido en agravio de una empresa misma de la que fue empleado. El hecho se&#8230;<\/p>\n","protected":false},"author":2,"featured_media":29180,"comment_status":"open","ping_status":"open","sticky":false,"template":"","format":"standard","meta":{"footnotes":""},"categories":[15],"tags":[29,30,28],"class_list":["post-29179","post","type-post","status-publish","format-standard","has-post-thumbnail","hentry","category-seguridad-y-justicia","tag-grid","tag-news","tag-slider"],"_links":{"self":[{"href":"http:\/\/elobservatorio.com.mx\/index.php?rest_route=\/wp\/v2\/posts\/29179"}],"collection":[{"href":"http:\/\/elobservatorio.com.mx\/index.php?rest_route=\/wp\/v2\/posts"}],"about":[{"href":"http:\/\/elobservatorio.com.mx\/index.php?rest_route=\/wp\/v2\/types\/post"}],"author":[{"embeddable":true,"href":"http:\/\/elobservatorio.com.mx\/index.php?rest_route=\/wp\/v2\/users\/2"}],"replies":[{"embeddable":true,"href":"http:\/\/elobservatorio.com.mx\/index.php?rest_route=%2Fwp%2Fv2%2Fcomments&post=29179"}],"version-history":[{"count":2,"href":"http:\/\/elobservatorio.com.mx\/index.php?rest_route=\/wp\/v2\/posts\/29179\/revisions"}],"predecessor-version":[{"id":29183,"href":"http:\/\/elobservatorio.com.mx\/index.php?rest_route=\/wp\/v2\/posts\/29179\/revisions\/29183"}],"wp:featuredmedia":[{"embeddable":true,"href":"http:\/\/elobservatorio.com.mx\/index.php?rest_route=\/wp\/v2\/media\/29180"}],"wp:attachment":[{"href":"http:\/\/elobservatorio.com.mx\/index.php?rest_route=%2Fwp%2Fv2%2Fmedia&parent=29179"}],"wp:term":[{"taxonomy":"category","embeddable":true,"href":"http:\/\/elobservatorio.com.mx\/index.php?rest_route=%2Fwp%2Fv2%2Fcategories&post=29179"},{"taxonomy":"post_tag","embeddable":true,"href":"http:\/\/elobservatorio.com.mx\/index.php?rest_route=%2Fwp%2Fv2%2Ftags&post=29179"}],"curies":[{"name":"wp","href":"https:\/\/api.w.org\/{rel}","templated":true}]}}