{"id":29190,"date":"2024-01-02T20:03:44","date_gmt":"2024-01-03T02:03:44","guid":{"rendered":"https:\/\/elobservatorio.com.mx\/?p=29190"},"modified":"2024-01-02T20:03:44","modified_gmt":"2024-01-03T02:03:44","slug":"margarita-moreno-invita-a-la-tercera-edicion-del-festival-de-la-rosca","status":"publish","type":"post","link":"http:\/\/elobservatorio.com.mx\/?p=29190","title":{"rendered":"Margarita Moreno invita a la tercera edici\u00f3n del Festival de la Rosca"},"content":{"rendered":"<p><em>*Este 4, 5 y 6 de enero se instalar\u00e1 en el Jard\u00edn N\u00fa\u00f1ez, en el centro de la ciudad.<\/em><br aria-hidden=\"true\" \/><br aria-hidden=\"true\" \/>La presidenta municipal de Colima, Margarita Moreno, anunci\u00f3 la tercera edici\u00f3n del Festival de la Rosca, con motivo de la celebraci\u00f3n del D\u00eda de Reyes, que tendr\u00e1 lugar en el Jard\u00edn N\u00fa\u00f1ez del centro de la ciudad los d\u00edas 4, 5 y 6 de enero.<br aria-hidden=\"true\" \/><br aria-hidden=\"true\" \/>La presidenta municipal destac\u00f3 la importancia de proyectar las tradiciones, generando espacios de convivencia familiar, gracias a la iniciativa de organizaciones como la CNOP, con quienes se ha fortalecido este festival a\u00f1o con a\u00f1o.<br aria-hidden=\"true\" \/><br aria-hidden=\"true\" \/>Margarita Moreno se\u00f1al\u00f3 que en su administraci\u00f3n se han impulsado actividades que fomenten al comercio local y que proyecten el desarrollo de panader\u00edas, reposter\u00edas y emprendedores colimenses.<br aria-hidden=\"true\" \/><br aria-hidden=\"true\" \/>Adem\u00e1s de la exhibici\u00f3n y venta de Roscas de Reyes, se ha organizado un festival art\u00edstico y cultural, con la participaci\u00f3n de agrupaciones colimenses que amenizar\u00e1n la vendimia en el Jard\u00edn N\u00fa\u00f1ez.<\/p>\n<p>Este a\u00f1o se tendr\u00e1 tambi\u00e9n la instalaci\u00f3n de juegos mec\u00e1nicos, venta de rosca de reyes de tacos, rosca de reyes de pizza, as\u00ed como antojitos mexicanos, as\u00ed como parte del programa se tiene prevista la rodada de Reyes Magos motociclistas, que iniciar\u00e1 en la Avenida Felipe Sevilla del R\u00edo y terminar\u00e1 en el Jard\u00edn N\u00fa\u00f1ez.<br aria-hidden=\"true\" \/>Este festival ser\u00e1 de tres d\u00edas, reuniendo a cerca de 30 comerciantes que ofrecer\u00e1n sus productos los d\u00edas 4 y 5 de enero, a partir de las 5:00 de la tarde hasta las 10 de la noche, mientras que el 6 de enero el horario ser\u00e1 de 10:00 de la ma\u00f1ana hasta las 11:00 de la noche.<\/p>\n","protected":false},"excerpt":{"rendered":"<p>*Este 4, 5 y 6 de enero se instalar\u00e1 en el Jard\u00edn N\u00fa\u00f1ez, en el centro de la ciudad.La presidenta municipal de Colima, Margarita Moreno, anunci\u00f3 la tercera edici\u00f3n del Festival de la Rosca, con motivo de la celebraci\u00f3n del D\u00eda de Reyes, que tendr\u00e1 lugar en el Jard\u00edn N\u00fa\u00f1ez del centro de la ciudad&#8230;<\/p>\n","protected":false},"author":2,"featured_media":29191,"comment_status":"open","ping_status":"open","sticky":false,"template":"","format":"standard","meta":{"footnotes":""},"categories":[36,8],"tags":[29,30,28],"class_list":["post-29190","post","type-post","status-publish","format-standard","has-post-thumbnail","hentry","category-colima","category-municipios","tag-grid","tag-news","tag-slider"],"_links":{"self":[{"href":"http:\/\/elobservatorio.com.mx\/index.php?rest_route=\/wp\/v2\/posts\/29190"}],"collection":[{"href":"http:\/\/elobservatorio.com.mx\/index.php?rest_route=\/wp\/v2\/posts"}],"about":[{"href":"http:\/\/elobservatorio.com.mx\/index.php?rest_route=\/wp\/v2\/types\/post"}],"author":[{"embeddable":true,"href":"http:\/\/elobservatorio.com.mx\/index.php?rest_route=\/wp\/v2\/users\/2"}],"replies":[{"embeddable":true,"href":"http:\/\/elobservatorio.com.mx\/index.php?rest_route=%2Fwp%2Fv2%2Fcomments&post=29190"}],"version-history":[{"count":1,"href":"http:\/\/elobservatorio.com.mx\/index.php?rest_route=\/wp\/v2\/posts\/29190\/revisions"}],"predecessor-version":[{"id":29192,"href":"http:\/\/elobservatorio.com.mx\/index.php?rest_route=\/wp\/v2\/posts\/29190\/revisions\/29192"}],"wp:featuredmedia":[{"embeddable":true,"href":"http:\/\/elobservatorio.com.mx\/index.php?rest_route=\/wp\/v2\/media\/29191"}],"wp:attachment":[{"href":"http:\/\/elobservatorio.com.mx\/index.php?rest_route=%2Fwp%2Fv2%2Fmedia&parent=29190"}],"wp:term":[{"taxonomy":"category","embeddable":true,"href":"http:\/\/elobservatorio.com.mx\/index.php?rest_route=%2Fwp%2Fv2%2Fcategories&post=29190"},{"taxonomy":"post_tag","embeddable":true,"href":"http:\/\/elobservatorio.com.mx\/index.php?rest_route=%2Fwp%2Fv2%2Ftags&post=29190"}],"curies":[{"name":"wp","href":"https:\/\/api.w.org\/{rel}","templated":true}]}}