{"id":29194,"date":"2024-01-02T20:53:55","date_gmt":"2024-01-03T02:53:55","guid":{"rendered":"https:\/\/elobservatorio.com.mx\/?p=29194"},"modified":"2024-01-02T20:55:23","modified_gmt":"2024-01-03T02:55:23","slug":"los-yonics-visitaran-paises-de-centro-america-en-febrero-no-estaran-en-enero-en-colima-en-evento-publico","status":"publish","type":"post","link":"http:\/\/elobservatorio.com.mx\/?p=29194","title":{"rendered":"Los Yonic\u00b4s visitar\u00e1n pa\u00edses de Centro-Am\u00e9rica en febrero, no estar\u00e1n en Enero en Colima en eventos p\u00fablicos"},"content":{"rendered":"<p><em>*La Agrupaci\u00f3n rom\u00e1ntica Los Yonic\u00b4s se presentar\u00e1n durante el mes de febrero en pa\u00edses de centro Am\u00e9rica, con la finalidad de complacer a sus seguidores con su m\u00fasica que a lo largo de m\u00e1s de 40 a\u00f1os han podido disfrutar.<\/em><\/p>\n<p>Bruno Ayvar Catal\u00e1n, socio y fundador de la agrupaci\u00f3n coment\u00f3 que los d\u00edas 16, 17 y 18 de febrero estar\u00e1n present\u00e1ndose en los pa\u00edses de Honduras, Nicaragua y El Salvador y dentro de la rep\u00fablica mexicana, durante el mes de Enero en Tixtla, Guerrero el d\u00eda 6, en Tuxtepec, Oaxaca el 12, el Grullo, Jalisco el 20, en Santa Martha de Ocuilan, Estado de M\u00e9xico el 21.<\/p>\n<p>Agreg\u00f3 que los d\u00edas 10, 11 y 12 de febrero estar\u00e1n en Tijuana y Mexicali, donde sus fans podr\u00e1n disfrutar del romanticismo de los Yonic\u00b4s con las canciones como mi castigo, soy yo, el tamarindo, palabras tristes, Con el Alma en la Mano, Me Falta Tu Presencia, Desde Hoy, Que Sea lo que Ser\u00e1, Rosas Blancas, En la Estaci\u00f3n, Ni Tu Amigo Ni Tu Amante, T\u00edtere, D\u00e9jame Viv\u00edr, Un Dolor, Adilene, entre muchas canciones m\u00e1s<\/p>\n<p>Bruno mencion\u00f3 que la agrupaci\u00f3n fue formada en la d\u00e9cada de los a\u00f1os 70, en San Luis San Pedro, Guerrero, siendo \u00e9l uno de los socios y fundadores, integrante de la agrupaci\u00f3n original, recordando que actualmente la integran tambi\u00e9n los tecomenses Vicente Mart\u00ednez Torres y Eduardo Rinc\u00f3n, su m\u00fasica se hizo muy popular entre los hispanos estadounidenses en ciudades como Los \u00c1ngeles, San Jos\u00e9, California; Phoenix, Arizona; y El Paso, Texas y han continuado para disfrutar de \u00e9xitos que han trascendido en el mercado de varios pa\u00edses.<\/p>\n<p>Por \u00faltimo, el fundador de los Yonic\u00b4s, invito a sus seguidores a mantenerse informados mediante su pagina oficial Los Yonic\u00b4s, en donde les comparte informaci\u00f3n de sus presentaciones y entrevistas, informando que a mediados de este mes, se estar\u00e1 estrenando un video con canciones in\u00e9ditas que fueron \u00e9xitos de la agrupaci\u00f3n original, de la cual, dijo, sentirse orgulloso que la integren 3 amigos y compa\u00f1eros.<\/p>\n","protected":false},"excerpt":{"rendered":"<p>*La Agrupaci\u00f3n rom\u00e1ntica Los Yonic\u00b4s se presentar\u00e1n durante el mes de febrero en pa\u00edses de centro Am\u00e9rica, con la finalidad de complacer a sus seguidores con su m\u00fasica que a lo largo de m\u00e1s de 40 a\u00f1os han podido disfrutar. Bruno Ayvar Catal\u00e1n, socio y fundador de la agrupaci\u00f3n coment\u00f3 que los d\u00edas 16, 17&#8230;<\/p>\n","protected":false},"author":2,"featured_media":29195,"comment_status":"open","ping_status":"open","sticky":false,"template":"","format":"standard","meta":{"footnotes":""},"categories":[32],"tags":[29,30,28],"class_list":["post-29194","post","type-post","status-publish","format-standard","has-post-thumbnail","hentry","category-escenario","tag-grid","tag-news","tag-slider"],"_links":{"self":[{"href":"http:\/\/elobservatorio.com.mx\/index.php?rest_route=\/wp\/v2\/posts\/29194"}],"collection":[{"href":"http:\/\/elobservatorio.com.mx\/index.php?rest_route=\/wp\/v2\/posts"}],"about":[{"href":"http:\/\/elobservatorio.com.mx\/index.php?rest_route=\/wp\/v2\/types\/post"}],"author":[{"embeddable":true,"href":"http:\/\/elobservatorio.com.mx\/index.php?rest_route=\/wp\/v2\/users\/2"}],"replies":[{"embeddable":true,"href":"http:\/\/elobservatorio.com.mx\/index.php?rest_route=%2Fwp%2Fv2%2Fcomments&post=29194"}],"version-history":[{"count":2,"href":"http:\/\/elobservatorio.com.mx\/index.php?rest_route=\/wp\/v2\/posts\/29194\/revisions"}],"predecessor-version":[{"id":29197,"href":"http:\/\/elobservatorio.com.mx\/index.php?rest_route=\/wp\/v2\/posts\/29194\/revisions\/29197"}],"wp:featuredmedia":[{"embeddable":true,"href":"http:\/\/elobservatorio.com.mx\/index.php?rest_route=\/wp\/v2\/media\/29195"}],"wp:attachment":[{"href":"http:\/\/elobservatorio.com.mx\/index.php?rest_route=%2Fwp%2Fv2%2Fmedia&parent=29194"}],"wp:term":[{"taxonomy":"category","embeddable":true,"href":"http:\/\/elobservatorio.com.mx\/index.php?rest_route=%2Fwp%2Fv2%2Fcategories&post=29194"},{"taxonomy":"post_tag","embeddable":true,"href":"http:\/\/elobservatorio.com.mx\/index.php?rest_route=%2Fwp%2Fv2%2Ftags&post=29194"}],"curies":[{"name":"wp","href":"https:\/\/api.w.org\/{rel}","templated":true}]}}