{"id":29204,"date":"2024-01-05T18:00:40","date_gmt":"2024-01-06T00:00:40","guid":{"rendered":"https:\/\/elobservatorio.com.mx\/?p=29204"},"modified":"2024-01-05T18:03:40","modified_gmt":"2024-01-06T00:03:40","slug":"con-colima-brilla-margarita-moreno-moderniza-iluminacion-del-parque-de-real-santa-barbara","status":"publish","type":"post","link":"http:\/\/elobservatorio.com.mx\/?p=29204","title":{"rendered":"Con \u2018Colima Brilla\u2019, Margarita Moreno moderniza iluminaci\u00f3n del parque de Real Santa B\u00e1rbara"},"content":{"rendered":"<p><em>*Avanza la presidenta municipal de la capital en colocar m\u00e1s luminarias LED en la ciudad.<\/em><br aria-hidden=\"true\" \/><br aria-hidden=\"true\" \/>La presidenta municipal de Colima, Margarita Moreno, realiz\u00f3 el encendido de las nuevas luminarias LED del Jard\u00edn de la colonia Real Santa B\u00e1rbara, las cuales antes eran de vapor de sodio, que han sido renovadas gracias al programa Colima Brilla, rehabilitando tambi\u00e9n el sistema de control de alumbrado p\u00fablico.<br aria-hidden=\"true\" \/><br aria-hidden=\"true\" \/>En su mensaje, la presidenta Margarita Moreno expres\u00f3 que desde el primer d\u00eda de su administraci\u00f3n se fij\u00f3 la meta de cada acci\u00f3n realizada generar\u00e1 un beneficio directo a las familias, como en este caso con la iluminaci\u00f3n y tambi\u00e9n con la cancha deportiva que recientemente se entreg\u00f3 y que, ahora, est\u00e1 llena de j\u00f3venes, ni\u00f1as y ni\u00f1os us\u00e1ndola.<br aria-hidden=\"true\" \/><br aria-hidden=\"true\" \/>Refrend\u00f3 su compromiso por mejorar los espacios p\u00fablicos como canchas deportivas y jardines, donde las familias se re\u00fanen y conviven en armon\u00eda, pues de esa forma tambi\u00e9n se reconstruye el tejido social y se construye paz.<br aria-hidden=\"true\" \/><br aria-hidden=\"true\" \/>En ese sentido, Margarita Moreno asegur\u00f3 que en Colima los impuestos de la poblaci\u00f3n est\u00e1n trabajando, lo cual se demuestra con obras como esta, al mejorar las luminarias con tecnolog\u00eda LED y con el rescate de espacios p\u00fablico.<br aria-hidden=\"true\" \/><br aria-hidden=\"true\" \/>Margarita Moreno pidi\u00f3 a los vecinos seguir trabajando de manera conjunta para lograr el Colima que todas las familias quieren, por lo que agradeci\u00f3 el respaldo para construir ese Colima m\u00e1s humano que todas y todos queremos<br aria-hidden=\"true\" \/><br aria-hidden=\"true\" \/>Por su parte, la directora general de Servicios P\u00fablicos del Ayuntamiento de Colima, Itzel Luna Corral, manifest\u00f3 que al sustituir las luminarias de vapor de sodio a tecnolog\u00eda LED se avanza a\u00fan m\u00e1s en la modernizaci\u00f3n del sistema de luminarias de la ciudad, generando ahorros para el municipio y cumpliendo as\u00ed con el Plan Municipal de Desarrollo.<\/p>\n<p>Finalmente, Jaime Alfonso Hern\u00e1ndez L\u00f3pez, presidente del comit\u00e9 de participaci\u00f3n ciudadana de la colonia Real Santa B\u00e1rbara, agradeci\u00f3 a la presidenta Margarita Moreno la instalaci\u00f3n de estas luminarias LED que mejoran las condiciones de iluminaci\u00f3n del jard\u00edn, y asegur\u00f3 que cada vez que viene trae buenas noticias, como en este caso al mejorar este espacio p\u00fablico tan importante para las familias.<\/p>\n","protected":false},"excerpt":{"rendered":"<p>*Avanza la presidenta municipal de la capital en colocar m\u00e1s luminarias LED en la ciudad.La presidenta municipal de Colima, Margarita Moreno, realiz\u00f3 el encendido de las nuevas luminarias LED del Jard\u00edn de la colonia Real Santa B\u00e1rbara, las cuales antes eran de vapor de sodio, que han sido renovadas gracias al programa Colima Brilla, rehabilitando&#8230;<\/p>\n","protected":false},"author":2,"featured_media":29205,"comment_status":"open","ping_status":"open","sticky":false,"template":"","format":"standard","meta":{"footnotes":""},"categories":[36,8],"tags":[29,30,28],"class_list":["post-29204","post","type-post","status-publish","format-standard","has-post-thumbnail","hentry","category-colima","category-municipios","tag-grid","tag-news","tag-slider"],"_links":{"self":[{"href":"http:\/\/elobservatorio.com.mx\/index.php?rest_route=\/wp\/v2\/posts\/29204"}],"collection":[{"href":"http:\/\/elobservatorio.com.mx\/index.php?rest_route=\/wp\/v2\/posts"}],"about":[{"href":"http:\/\/elobservatorio.com.mx\/index.php?rest_route=\/wp\/v2\/types\/post"}],"author":[{"embeddable":true,"href":"http:\/\/elobservatorio.com.mx\/index.php?rest_route=\/wp\/v2\/users\/2"}],"replies":[{"embeddable":true,"href":"http:\/\/elobservatorio.com.mx\/index.php?rest_route=%2Fwp%2Fv2%2Fcomments&post=29204"}],"version-history":[{"count":3,"href":"http:\/\/elobservatorio.com.mx\/index.php?rest_route=\/wp\/v2\/posts\/29204\/revisions"}],"predecessor-version":[{"id":29208,"href":"http:\/\/elobservatorio.com.mx\/index.php?rest_route=\/wp\/v2\/posts\/29204\/revisions\/29208"}],"wp:featuredmedia":[{"embeddable":true,"href":"http:\/\/elobservatorio.com.mx\/index.php?rest_route=\/wp\/v2\/media\/29205"}],"wp:attachment":[{"href":"http:\/\/elobservatorio.com.mx\/index.php?rest_route=%2Fwp%2Fv2%2Fmedia&parent=29204"}],"wp:term":[{"taxonomy":"category","embeddable":true,"href":"http:\/\/elobservatorio.com.mx\/index.php?rest_route=%2Fwp%2Fv2%2Fcategories&post=29204"},{"taxonomy":"post_tag","embeddable":true,"href":"http:\/\/elobservatorio.com.mx\/index.php?rest_route=%2Fwp%2Fv2%2Ftags&post=29204"}],"curies":[{"name":"wp","href":"https:\/\/api.w.org\/{rel}","templated":true}]}}