{"id":29244,"date":"2024-01-08T21:17:22","date_gmt":"2024-01-09T03:17:22","guid":{"rendered":"https:\/\/elobservatorio.com.mx\/?p=29244"},"modified":"2024-01-08T21:20:21","modified_gmt":"2024-01-09T03:20:21","slug":"margarita-moreno-anuncia-la-sexta-edicion-del-sabora-fest","status":"publish","type":"post","link":"http:\/\/elobservatorio.com.mx\/?p=29244","title":{"rendered":"Margarita Moreno anuncia la sexta edici\u00f3n del S\u00e1bora Fest"},"content":{"rendered":"<p><em>*En esta edici\u00f3n participar\u00e1n 26 restaurantes colimenses y 18 casas vin\u00edcolas de las m\u00e1s importantes del pa\u00eds.<\/em><br aria-hidden=\"true\" \/><br aria-hidden=\"true\" \/>La presidenta municipal de Colima, Margarita Moreno, dio el anuncio oficial de S\u00e1bora Fest 2024, que se realizar\u00e1 la capital colimense del 25 al 28 de enero y en la que se contar\u00e1 con la participaci\u00f3n de las 18 principales casas vin\u00edcolas del pa\u00eds, as\u00ed como 26 restaurantes colimenses.<br aria-hidden=\"true\" \/><br aria-hidden=\"true\" \/>Margarita Moreno detall\u00f3 que el evento \u00a0se realizar\u00e1 en el centro hist\u00f3rico de la ciudad de Colima, tendr\u00e1 como sede principal el Foro Libertad, as\u00ed como la Pinacoteca de la Universidad de Colima, el Museo Fernando del Paso, la Casa del Archivo Hist\u00f3rico, el Hotel Concierge plaza Colima, \u00a0as\u00ed como la Presidencia Municipal de Colima.<br aria-hidden=\"true\" \/><br aria-hidden=\"true\" \/>En estos espacios, se\u00f1al\u00f3 \u00a0se realizar\u00e1n actividades como presentaciones art\u00edsticas nacionales, taller maridaje, cenas maridaje, pinta con tinto, as\u00ed como muestras gastron\u00f3micas y degustaciones.<br aria-hidden=\"true\" \/><br aria-hidden=\"true\" \/>\u201cEstos eventos son de suma importancia para Colima, porque reactivamos la econom\u00eda, adem\u00e1s de que Colima es digno de presumirse en el mundo entero; estos festivales nos permiten demostrar lo hermosa que es nuestra ciudad, e invitar a las familias a disfrutar de la convivencia y sano esparcimiento\u201d, coment\u00f3.<\/p>\n<p>En la rueda de prensa, acompa\u00f1ada por Luis Hurtado, presidente de Canaco Colima; Enrique Aguirre Mart\u00ednez, presidente de la Asociaci\u00f3n de Hoteleros de la Zona Norte de Colima; Mario Baeza Ram\u00edrez, presidente de la Asociaci\u00f3n de Comerciantes del Centro de Colima y \u00c1ngeles Virgen, vicepresidenta de Canirac Colima, Margarita Moreno dio a conocer que se tendr\u00e1n cuatro conciertos nacionales, tres cenas maridaje, seis catas guiadas, tres talleres, dos pintas con tinto, que har\u00e1n posible realizar un festival de primer nivel.<\/p>\n<div>\u201cPara nosotros como iniciativa privada es un gran evento el S\u00e1bora Fest. Sin duda empezar con el pie derecho este 2024, nos permitir\u00e1 arrancar con esa econom\u00eda que requieren \u00a0todas las ciudades. El a\u00f1o pasado se llev\u00f3 el evento en una gran categor\u00eda y seguramente este a\u00f1o tendremos un evento mucho m\u00e1s completo con la suma de nuevas casas vin\u00edcolas\u201d, coment\u00f3 \u00a0Enrique Aguirre Mart\u00ednez, presidente de la Asociaci\u00f3n de Hoteles de la Zona Norte de Colima.<br aria-hidden=\"true\" \/><br aria-hidden=\"true\" \/>Carlos C\u00e1rdenas Roque, director general de Desarrollo Econ\u00f3mico, Social y Humano del Gobierno Municipal de Colima se\u00f1al\u00f3 que este a\u00f1o se sumar\u00e1n nuevas casas vin\u00edcolas que \u00a0fortalecen la oferta del S\u00e1bora Fest, resaltando la presencia de CasaMadero, L.A.Cetto, \u00a0Freixenet M\u00e9xico, \u00a0Solar Fortu, Don Leo, as\u00ed como muchas m\u00e1s que han fortalecido este este festival a\u00f1o con a\u00f1o.<br aria-hidden=\"true\" \/><br aria-hidden=\"true\" \/>Fernando Cruz Garc\u00eda, director de proyectos estrat\u00e9gicos del Ayuntamiento de Colima, invit\u00f3 a la poblaci\u00f3n a que conozcan el programa completo de actividades que se puede consultar en la p\u00e1gina de la presidenta municipal Margarita Moreno, as\u00ed como la p\u00e1gina oficial del S\u00e1bora Fest, en la que se detallan horarios, fechas y las sedes de las actividades.<br aria-hidden=\"true\" \/><br aria-hidden=\"true\" \/>Finalmente, agradeci\u00f3 a todos los patrocinadores y adelant\u00f3 que m\u00e1s adelante se dar\u00e1n detalles, en espec\u00edfico, de los horarios y lugares donde se realizar\u00e1n cada una de estas actividades, adelantando que, en pr\u00f3ximos d\u00edas, se anunciar\u00e1 la cartelera art\u00edstica nacional, que tendr\u00e1 como sede el Foro Libertad.<br aria-hidden=\"true\" \/><br aria-hidden=\"true\" \/>En la rueda de prensa, estuvieron \u00a0tambi\u00e9n presentes la Secretaria del Ayuntamiento, Himelda Meraz S\u00e1nchez; el regidor Federico Rangel Lozano; la directora adjunta de Educaci\u00f3n y Cultura, Araceli Vargas Avi\u00f1a, as\u00ed como el director de Comunicaci\u00f3n Social, Rogelio Pinto Jacobo.<\/div>\n","protected":false},"excerpt":{"rendered":"<p>*En esta edici\u00f3n participar\u00e1n 26 restaurantes colimenses y 18 casas vin\u00edcolas de las m\u00e1s importantes del pa\u00eds.La presidenta municipal de Colima, Margarita Moreno, dio el anuncio oficial de S\u00e1bora Fest 2024, que se realizar\u00e1 la capital colimense del 25 al 28 de enero y en la que se contar\u00e1 con la participaci\u00f3n de las 18&#8230;<\/p>\n","protected":false},"author":2,"featured_media":29245,"comment_status":"open","ping_status":"open","sticky":false,"template":"","format":"standard","meta":{"footnotes":""},"categories":[36,8],"tags":[62,30,28],"class_list":["post-29244","post","type-post","status-publish","format-standard","has-post-thumbnail","hentry","category-colima","category-municipios","tag-gid","tag-news","tag-slider"],"_links":{"self":[{"href":"http:\/\/elobservatorio.com.mx\/index.php?rest_route=\/wp\/v2\/posts\/29244"}],"collection":[{"href":"http:\/\/elobservatorio.com.mx\/index.php?rest_route=\/wp\/v2\/posts"}],"about":[{"href":"http:\/\/elobservatorio.com.mx\/index.php?rest_route=\/wp\/v2\/types\/post"}],"author":[{"embeddable":true,"href":"http:\/\/elobservatorio.com.mx\/index.php?rest_route=\/wp\/v2\/users\/2"}],"replies":[{"embeddable":true,"href":"http:\/\/elobservatorio.com.mx\/index.php?rest_route=%2Fwp%2Fv2%2Fcomments&post=29244"}],"version-history":[{"count":3,"href":"http:\/\/elobservatorio.com.mx\/index.php?rest_route=\/wp\/v2\/posts\/29244\/revisions"}],"predecessor-version":[{"id":29248,"href":"http:\/\/elobservatorio.com.mx\/index.php?rest_route=\/wp\/v2\/posts\/29244\/revisions\/29248"}],"wp:featuredmedia":[{"embeddable":true,"href":"http:\/\/elobservatorio.com.mx\/index.php?rest_route=\/wp\/v2\/media\/29245"}],"wp:attachment":[{"href":"http:\/\/elobservatorio.com.mx\/index.php?rest_route=%2Fwp%2Fv2%2Fmedia&parent=29244"}],"wp:term":[{"taxonomy":"category","embeddable":true,"href":"http:\/\/elobservatorio.com.mx\/index.php?rest_route=%2Fwp%2Fv2%2Fcategories&post=29244"},{"taxonomy":"post_tag","embeddable":true,"href":"http:\/\/elobservatorio.com.mx\/index.php?rest_route=%2Fwp%2Fv2%2Ftags&post=29244"}],"curies":[{"name":"wp","href":"https:\/\/api.w.org\/{rel}","templated":true}]}}