{"id":29249,"date":"2024-01-08T21:40:31","date_gmt":"2024-01-09T03:40:31","guid":{"rendered":"https:\/\/elobservatorio.com.mx\/?p=29249"},"modified":"2024-01-08T21:40:31","modified_gmt":"2024-01-09T03:40:31","slug":"entrega-tey-gutierrez-la-rehabilitacion-del-alumbrado-publico-en-av-tecnologico","status":"publish","type":"post","link":"http:\/\/elobservatorio.com.mx\/?p=29249","title":{"rendered":"Entrega Tey Guti\u00e9rrez la rehabilitaci\u00f3n del alumbrado p\u00fablico en Av. Tecnol\u00f3gico"},"content":{"rendered":"<p><em>*Instalaron 44 luminarias LED en esa vialidad<\/em><\/p>\n<p>Villa de \u00c1lvarez, Col.- La Presidenta Municipal de Villa de \u00c1lvarez Tey Guti\u00e9rrez Andrade, entreg\u00f3 a vecinos y vecinas de la Avenida Tecnol\u00f3gico y de las colonias aleda\u00f1as a ella, la obra de rehabilitaci\u00f3n de la red de alumbrado p\u00fablico de esa vialidad, desde los l\u00edmites con el municipio de Colima hasta el cruce con la calle Hidalgo.<\/p>\n<p>Ante habitantes de las colonias Liberaci\u00f3n, Morelos y L\u00f3pez Mateos, la Alcaldesa record\u00f3 que cuando inici\u00f3 su gobierno, el 16 de octubre de 2021, encontr\u00f3 que de 16 mil postes que hay en Villa de \u00c1lvarez, a siete mil no les serv\u00edan las luminarias, por eso la meta estrat\u00e9gica de iluminar el municipio se convirti\u00f3 en una prioridad para su administraci\u00f3n.<\/p>\n<p>Mencion\u00f3 que en el a\u00f1o 2022 se compraron 2 mil 500 luminarias LED y en 2023 fueron adquiridas 3 mil 500, rehabilitando con ellas el a\u00f1o pasado el alumbrado de 52 colonias y de las 12 comunidades rurales del municipio, adem\u00e1s de la modernizaci\u00f3n de la red de alumbrado en las principales avenidas de la Ciudad.<\/p>\n<p>Con relaci\u00f3n a la Avenida Tecnol\u00f3gico, Guti\u00e9rrez Andrade expres\u00f3 que esa vialidad hist\u00f3ricamente ha adolecido de una buena iluminaci\u00f3n, lo que imped\u00eda que por ella pudieran transitar automovilistas y peatones con total seguridad.<\/p>\n<p>Juan Carlos Casta\u00f1eda Ortiz, Director de Desarrollo Urbano Municipal, mencion\u00f3 que la obra de modernizaci\u00f3n de la red de alumbrado p\u00fablico en la Avenida Tecnol\u00f3gico consisti\u00f3 en la instalaci\u00f3n de 44 luminarias LED de 100 wats de luz fr\u00eda, contra impactos, con una vida \u00fatil de 100 mil horas, una eficiencia lum\u00ednica de m\u00e1s de 140 l\u00famenes y una garant\u00eda por escrito del proveedor de 10 a\u00f1os.<\/p>\n<p>A la entrega de la obra de modernizaci\u00f3n de la red de alumbrado p\u00fablico de la Avenida Tecnol\u00f3gico, acompa\u00f1aron a la Presidenta Tey Guti\u00e9rrez la Regidora Valeria Tintos y el Secretario del Ayuntamiento, Alfredo Ch\u00e1vez, entre otras y otros funcionarios municipales.<\/p>\n","protected":false},"excerpt":{"rendered":"<p>*Instalaron 44 luminarias LED en esa vialidad Villa de \u00c1lvarez, Col.- La Presidenta Municipal de Villa de \u00c1lvarez Tey Guti\u00e9rrez Andrade, entreg\u00f3 a vecinos y vecinas de la Avenida Tecnol\u00f3gico y de las colonias aleda\u00f1as a ella, la obra de rehabilitaci\u00f3n de la red de alumbrado p\u00fablico de esa vialidad, desde los l\u00edmites con el&#8230;<\/p>\n","protected":false},"author":2,"featured_media":29250,"comment_status":"open","ping_status":"open","sticky":false,"template":"","format":"standard","meta":{"footnotes":""},"categories":[8,42],"tags":[29,30,28],"class_list":["post-29249","post","type-post","status-publish","format-standard","has-post-thumbnail","hentry","category-municipios","category-villa-de-alvarez","tag-grid","tag-news","tag-slider"],"_links":{"self":[{"href":"http:\/\/elobservatorio.com.mx\/index.php?rest_route=\/wp\/v2\/posts\/29249"}],"collection":[{"href":"http:\/\/elobservatorio.com.mx\/index.php?rest_route=\/wp\/v2\/posts"}],"about":[{"href":"http:\/\/elobservatorio.com.mx\/index.php?rest_route=\/wp\/v2\/types\/post"}],"author":[{"embeddable":true,"href":"http:\/\/elobservatorio.com.mx\/index.php?rest_route=\/wp\/v2\/users\/2"}],"replies":[{"embeddable":true,"href":"http:\/\/elobservatorio.com.mx\/index.php?rest_route=%2Fwp%2Fv2%2Fcomments&post=29249"}],"version-history":[{"count":1,"href":"http:\/\/elobservatorio.com.mx\/index.php?rest_route=\/wp\/v2\/posts\/29249\/revisions"}],"predecessor-version":[{"id":29251,"href":"http:\/\/elobservatorio.com.mx\/index.php?rest_route=\/wp\/v2\/posts\/29249\/revisions\/29251"}],"wp:featuredmedia":[{"embeddable":true,"href":"http:\/\/elobservatorio.com.mx\/index.php?rest_route=\/wp\/v2\/media\/29250"}],"wp:attachment":[{"href":"http:\/\/elobservatorio.com.mx\/index.php?rest_route=%2Fwp%2Fv2%2Fmedia&parent=29249"}],"wp:term":[{"taxonomy":"category","embeddable":true,"href":"http:\/\/elobservatorio.com.mx\/index.php?rest_route=%2Fwp%2Fv2%2Fcategories&post=29249"},{"taxonomy":"post_tag","embeddable":true,"href":"http:\/\/elobservatorio.com.mx\/index.php?rest_route=%2Fwp%2Fv2%2Ftags&post=29249"}],"curies":[{"name":"wp","href":"https:\/\/api.w.org\/{rel}","templated":true}]}}