{"id":29282,"date":"2024-01-10T12:29:57","date_gmt":"2024-01-10T18:29:57","guid":{"rendered":"https:\/\/elobservatorio.com.mx\/?p=29282"},"modified":"2024-01-10T12:29:57","modified_gmt":"2024-01-10T18:29:57","slug":"capacitan-a-docentes-de-la-udec-en-aprendizaje-autonomo-en-ingles","status":"publish","type":"post","link":"http:\/\/elobservatorio.com.mx\/?p=29282","title":{"rendered":"Capacitan a docentes de la UdeC en aprendizaje aut\u00f3nomo, en ingl\u00e9s"},"content":{"rendered":"<p><em>* El aprendizaje aut\u00f3nomo, seg\u00fan Isabeles Flores, el instructor, es una forma de aprender que permite al estudiante desarrollar habilidades y no s\u00f3lo adquirir conocimientos.<\/em><\/p>\n<p>La Universidad de Colima est\u00e1 ofreciendo el taller presencial \u201cUn modelo \u00fatil para la implementaci\u00f3n del aprendizaje aut\u00f3nomo\u201d, en ingl\u00e9s, a cargo del profesor Secundino Isabeles Flores, de la Facultad de Lenguas Extranjeras.<\/p>\n<p>El aprendizaje aut\u00f3nomo, seg\u00fan Isabeles Flores, es una forma de aprender que permite al estudiante desarrollar habilidades y no s\u00f3lo adquirir conocimientos. Estas habilidades, dijo, permiten al estudiante depender menos del profesor o de alguien m\u00e1s para adquirir el conocimiento.<\/p>\n<p>\u201cSe busca que el estudiante sea independiente y aut\u00f3nomo, lo que aunado a toda la tecnolog\u00eda actual es posible\u201d, dijo Isabeles Flores; \u201cun ejemplo es cuando usamos las cajas de autopago en los centros comerciales como Walmart o Sam\u00b4s\u201d.<\/p>\n<p>\u00c9ste es el segundo a\u00f1o que se ofrece el taller en las Jornadas Acad\u00e9micas. La novedad es que se imparte en ingl\u00e9s para profesores que dominan el idioma.<\/p>\n<p>\u201cEs importante impartirlo en este idioma por el tema de la internacionalizaci\u00f3n en la Universidad de Colima\u201d, dijo Isabeles Flores; \u201cno s\u00f3lo permite que los docentes practiquen su ingl\u00e9s, sino que tambi\u00e9n puedan impartirlo en este idioma; es un reto para muchos de ellos, pero por lo visto en este taller lo est\u00e1n haciendo muy bien\u201d.<\/p>\n<p>Antes de finalizar, el profesor dijo que este enfoque no es nuevo, pero se conoce poco y asegur\u00f3 que si bien no es f\u00e1cil, poco a poco se puede adoptar.<\/p>\n<p>El taller, que forma parte de las actividades de las Jornadas Acad\u00e9micas 2024 de la Universidad de Colima, durar\u00e1 cuatro sesiones.<\/p>\n","protected":false},"excerpt":{"rendered":"<p>* El aprendizaje aut\u00f3nomo, seg\u00fan Isabeles Flores, el instructor, es una forma de aprender que permite al estudiante desarrollar habilidades y no s\u00f3lo adquirir conocimientos. La Universidad de Colima est\u00e1 ofreciendo el taller presencial \u201cUn modelo \u00fatil para la implementaci\u00f3n del aprendizaje aut\u00f3nomo\u201d, en ingl\u00e9s, a cargo del profesor Secundino Isabeles Flores, de la Facultad&#8230;<\/p>\n","protected":false},"author":2,"featured_media":29283,"comment_status":"open","ping_status":"open","sticky":false,"template":"","format":"standard","meta":{"footnotes":""},"categories":[14],"tags":[29,30,28],"class_list":["post-29282","post","type-post","status-publish","format-standard","has-post-thumbnail","hentry","category-educacion-y-cultura","tag-grid","tag-news","tag-slider"],"_links":{"self":[{"href":"http:\/\/elobservatorio.com.mx\/index.php?rest_route=\/wp\/v2\/posts\/29282"}],"collection":[{"href":"http:\/\/elobservatorio.com.mx\/index.php?rest_route=\/wp\/v2\/posts"}],"about":[{"href":"http:\/\/elobservatorio.com.mx\/index.php?rest_route=\/wp\/v2\/types\/post"}],"author":[{"embeddable":true,"href":"http:\/\/elobservatorio.com.mx\/index.php?rest_route=\/wp\/v2\/users\/2"}],"replies":[{"embeddable":true,"href":"http:\/\/elobservatorio.com.mx\/index.php?rest_route=%2Fwp%2Fv2%2Fcomments&post=29282"}],"version-history":[{"count":1,"href":"http:\/\/elobservatorio.com.mx\/index.php?rest_route=\/wp\/v2\/posts\/29282\/revisions"}],"predecessor-version":[{"id":29284,"href":"http:\/\/elobservatorio.com.mx\/index.php?rest_route=\/wp\/v2\/posts\/29282\/revisions\/29284"}],"wp:featuredmedia":[{"embeddable":true,"href":"http:\/\/elobservatorio.com.mx\/index.php?rest_route=\/wp\/v2\/media\/29283"}],"wp:attachment":[{"href":"http:\/\/elobservatorio.com.mx\/index.php?rest_route=%2Fwp%2Fv2%2Fmedia&parent=29282"}],"wp:term":[{"taxonomy":"category","embeddable":true,"href":"http:\/\/elobservatorio.com.mx\/index.php?rest_route=%2Fwp%2Fv2%2Fcategories&post=29282"},{"taxonomy":"post_tag","embeddable":true,"href":"http:\/\/elobservatorio.com.mx\/index.php?rest_route=%2Fwp%2Fv2%2Ftags&post=29282"}],"curies":[{"name":"wp","href":"https:\/\/api.w.org\/{rel}","templated":true}]}}