{"id":29286,"date":"2024-01-10T13:28:06","date_gmt":"2024-01-10T19:28:06","guid":{"rendered":"https:\/\/elobservatorio.com.mx\/?p=29286"},"modified":"2024-01-10T13:28:06","modified_gmt":"2024-01-10T19:28:06","slug":"arranca-griselda-martinez-obras-de-rehabilitacion-y-reconstruccion-del-andador-del-sector-5","status":"publish","type":"post","link":"http:\/\/elobservatorio.com.mx\/?p=29286","title":{"rendered":"Arranca Griselda Mart\u00ednez obras de rehabilitaci\u00f3n y reconstrucci\u00f3n del Andador del Sector 5"},"content":{"rendered":"<p>Con el objetivo de que la poblaci\u00f3n tenga espacios p\u00fablicos seguros, la Presidenta Municipal de Manzanillo, Griselda Mart\u00ednez, dio el arranque de la obra de rehabilitaci\u00f3n y reconstrucci\u00f3n del andador del Sector 5 frente al Barrio de El T\u00fanel, en la zona Centro del Municipio.<\/p>\n<p>Debido a que los sismos le han causado da\u00f1o estructural y hay tramos muy peligrosos para los transe\u00fantes, con varillas oxidadas y expuestas, es que esta obra es urgente y necesaria para evitar que los muros del andador colapsen y afecten los hogares de las familias que habitan el Sector.<\/p>\n<p>El Director de Obras P\u00fablicas del Municipio, el ingeniero Alam Vargas, destac\u00f3 que se demoler\u00e1n los muros da\u00f1ados y se construir\u00e1n nuevos, se reforzar\u00e1 el sistema de alumbrado con la colocaci\u00f3n de nuevos postes para luminarias de tecnolog\u00eda led, se construir\u00e1n muros de contenci\u00f3n en la parte cerril para evitar desprendimientos \u2013a trav\u00e9s de zampeado de 5 cent\u00edmetros de espesor a base de mortero-. La ejecuci\u00f3n de los trabajos tardar\u00e1 alrededor de ocho semanas.<\/p>\n<p>La alcaldesa se dijo muy contenta por la confianza que la gente tiene en su gobierno, pues la poblaci\u00f3n se ha volcado a pagar sus impuestos y agradece a todos los contribuyentes que hacen un esfuerzo para mantenerse al corriente en el pago del predial. Se\u00f1al\u00f3 que gracias a la gente que paga sus impuestos se pueden seguir haciendo las obras que m\u00e1s se necesitan.<\/p>\n","protected":false},"excerpt":{"rendered":"<p>Con el objetivo de que la poblaci\u00f3n tenga espacios p\u00fablicos seguros, la Presidenta Municipal de Manzanillo, Griselda Mart\u00ednez, dio el arranque de la obra de rehabilitaci\u00f3n y reconstrucci\u00f3n del andador del Sector 5 frente al Barrio de El T\u00fanel, en la zona Centro del Municipio. Debido a que los sismos le han causado da\u00f1o estructural&#8230;<\/p>\n","protected":false},"author":2,"featured_media":29287,"comment_status":"open","ping_status":"open","sticky":false,"template":"","format":"standard","meta":{"footnotes":""},"categories":[35,8],"tags":[29,30,28],"class_list":["post-29286","post","type-post","status-publish","format-standard","has-post-thumbnail","hentry","category-manzanillo","category-municipios","tag-grid","tag-news","tag-slider"],"_links":{"self":[{"href":"http:\/\/elobservatorio.com.mx\/index.php?rest_route=\/wp\/v2\/posts\/29286"}],"collection":[{"href":"http:\/\/elobservatorio.com.mx\/index.php?rest_route=\/wp\/v2\/posts"}],"about":[{"href":"http:\/\/elobservatorio.com.mx\/index.php?rest_route=\/wp\/v2\/types\/post"}],"author":[{"embeddable":true,"href":"http:\/\/elobservatorio.com.mx\/index.php?rest_route=\/wp\/v2\/users\/2"}],"replies":[{"embeddable":true,"href":"http:\/\/elobservatorio.com.mx\/index.php?rest_route=%2Fwp%2Fv2%2Fcomments&post=29286"}],"version-history":[{"count":1,"href":"http:\/\/elobservatorio.com.mx\/index.php?rest_route=\/wp\/v2\/posts\/29286\/revisions"}],"predecessor-version":[{"id":29288,"href":"http:\/\/elobservatorio.com.mx\/index.php?rest_route=\/wp\/v2\/posts\/29286\/revisions\/29288"}],"wp:featuredmedia":[{"embeddable":true,"href":"http:\/\/elobservatorio.com.mx\/index.php?rest_route=\/wp\/v2\/media\/29287"}],"wp:attachment":[{"href":"http:\/\/elobservatorio.com.mx\/index.php?rest_route=%2Fwp%2Fv2%2Fmedia&parent=29286"}],"wp:term":[{"taxonomy":"category","embeddable":true,"href":"http:\/\/elobservatorio.com.mx\/index.php?rest_route=%2Fwp%2Fv2%2Fcategories&post=29286"},{"taxonomy":"post_tag","embeddable":true,"href":"http:\/\/elobservatorio.com.mx\/index.php?rest_route=%2Fwp%2Fv2%2Ftags&post=29286"}],"curies":[{"name":"wp","href":"https:\/\/api.w.org\/{rel}","templated":true}]}}