{"id":29289,"date":"2024-01-10T14:06:00","date_gmt":"2024-01-10T20:06:00","guid":{"rendered":"https:\/\/elobservatorio.com.mx\/?p=29289"},"modified":"2024-01-10T14:06:00","modified_gmt":"2024-01-10T20:06:00","slug":"cae-otro-sujeto-por-narcomenudeo","status":"publish","type":"post","link":"http:\/\/elobservatorio.com.mx\/?p=29289","title":{"rendered":"Cae otro sujeto por narcomenudeo"},"content":{"rendered":"<p><em>*Fue detenido en la colonia Libertad, Manzanillo.<\/em><\/p>\n<p>Otro hombre es vinculado a proceso por lo que la ley se\u00f1ala como delito contra la salud, tras ser detenido por elementos de la Polic\u00eda Municipal de Manzanillo portando diferentes narc\u00f3ticos.<\/p>\n<p>De acuerdo a lo que establece la carpeta de investigaci\u00f3n, el imputado se encontraba en un domicilio ubicado en la colonia Libertad de dicha municipalidad, cuando le fueron localizados varios envoltorios con hierba seca y material granulado en su interior, adem\u00e1s de encontrarle dinero en efectivo por lo que fue aprehendido en el lugar.<\/p>\n<p>Tras los hechos ocurridos, esta persona fue puesta a disposici\u00f3n del \u00f3rgano jurisdiccional para la audiencia inicial donde se ratific\u00f3 de legal la detenci\u00f3n, quedando vinculado a proceso.<\/p>\n<p>La Fiscal\u00eda sigue invitando a la ciudadan\u00eda a realizar las denuncias de manera an\u00f3nima a la l\u00ednea 089 o al 911 para las emergencias.<\/p>\n","protected":false},"excerpt":{"rendered":"<p>*Fue detenido en la colonia Libertad, Manzanillo. Otro hombre es vinculado a proceso por lo que la ley se\u00f1ala como delito contra la salud, tras ser detenido por elementos de la Polic\u00eda Municipal de Manzanillo portando diferentes narc\u00f3ticos. De acuerdo a lo que establece la carpeta de investigaci\u00f3n, el imputado se encontraba en un domicilio&#8230;<\/p>\n","protected":false},"author":2,"featured_media":29290,"comment_status":"open","ping_status":"open","sticky":false,"template":"","format":"standard","meta":{"footnotes":""},"categories":[15],"tags":[29,30,28],"class_list":["post-29289","post","type-post","status-publish","format-standard","has-post-thumbnail","hentry","category-seguridad-y-justicia","tag-grid","tag-news","tag-slider"],"_links":{"self":[{"href":"http:\/\/elobservatorio.com.mx\/index.php?rest_route=\/wp\/v2\/posts\/29289"}],"collection":[{"href":"http:\/\/elobservatorio.com.mx\/index.php?rest_route=\/wp\/v2\/posts"}],"about":[{"href":"http:\/\/elobservatorio.com.mx\/index.php?rest_route=\/wp\/v2\/types\/post"}],"author":[{"embeddable":true,"href":"http:\/\/elobservatorio.com.mx\/index.php?rest_route=\/wp\/v2\/users\/2"}],"replies":[{"embeddable":true,"href":"http:\/\/elobservatorio.com.mx\/index.php?rest_route=%2Fwp%2Fv2%2Fcomments&post=29289"}],"version-history":[{"count":1,"href":"http:\/\/elobservatorio.com.mx\/index.php?rest_route=\/wp\/v2\/posts\/29289\/revisions"}],"predecessor-version":[{"id":29291,"href":"http:\/\/elobservatorio.com.mx\/index.php?rest_route=\/wp\/v2\/posts\/29289\/revisions\/29291"}],"wp:featuredmedia":[{"embeddable":true,"href":"http:\/\/elobservatorio.com.mx\/index.php?rest_route=\/wp\/v2\/media\/29290"}],"wp:attachment":[{"href":"http:\/\/elobservatorio.com.mx\/index.php?rest_route=%2Fwp%2Fv2%2Fmedia&parent=29289"}],"wp:term":[{"taxonomy":"category","embeddable":true,"href":"http:\/\/elobservatorio.com.mx\/index.php?rest_route=%2Fwp%2Fv2%2Fcategories&post=29289"},{"taxonomy":"post_tag","embeddable":true,"href":"http:\/\/elobservatorio.com.mx\/index.php?rest_route=%2Fwp%2Fv2%2Ftags&post=29289"}],"curies":[{"name":"wp","href":"https:\/\/api.w.org\/{rel}","templated":true}]}}