{"id":29295,"date":"2024-01-10T15:05:30","date_gmt":"2024-01-10T21:05:30","guid":{"rendered":"https:\/\/elobservatorio.com.mx\/?p=29295"},"modified":"2024-01-10T15:05:30","modified_gmt":"2024-01-10T21:05:30","slug":"fge-y-unfpa-firman-convenio-de-colaboracion-en-materia-de-identificacion-humana","status":"publish","type":"post","link":"http:\/\/elobservatorio.com.mx\/?p=29295","title":{"rendered":"FGE y UNFPA firman convenio de Colaboraci\u00f3n en materia de identificaci\u00f3n humana"},"content":{"rendered":"<p><em>*Las huellas dactilares, junto con el ADN y la Odontolog\u00eda, son unos de los tres identificadores primarios de una persona.<\/em><\/p>\n<p>El d\u00eda de hoy, la Fiscal\u00eda General del Estado de Colima (FGE), llev\u00f3 a cabo la firma de un convenio de colaboraci\u00f3n con el Fondo de Poblaci\u00f3n de las Naciones Unidas (UNFPA), que permitir\u00e1 fortalecer las capacidades del Estado en materia de identificaci\u00f3n humana, especialmente en el uso y cotejo de huellas dactilares con el Instituto Nacional Electoral (INE). Las huellas dactilares, junto con el ADN y la Odontolog\u00eda, son unos de los tres identificadores primarios de una persona.<\/p>\n<p>Dicho convenio de colaboraci\u00f3n, tiene el prop\u00f3sito de formalizar los esfuerzos en la cooperaci\u00f3n t\u00e9cnica para fortalecer las capacidades t\u00e9cnicas de la instituci\u00f3n en torno a la identificaci\u00f3n humana.<\/p>\n<p>Durante este evento, la Embajada del Reino de Noruega en M\u00e9xico y el UNFPA anunciaron que en el marco del Programa de Identificaci\u00f3n Humana (IDH) se continuar\u00e1 con la cooperaci\u00f3n t\u00e9cnica en Colima en materia de identificaci\u00f3n humana hasta el a\u00f1o 2026, gracias al proyecto financiado por el pa\u00eds n\u00f3rdico. Esta iniciativa operar\u00e1 de manera coordinada con la estrategia del Gobierno Mexicano y ha sido planteada bajo el liderazgo del Fiscal General del Estado de Colima, el Mtro. Bryant Alejandro Garc\u00eda Ram\u00edrez.<\/p>\n<p>El Fiscal Especializado en la Investigaci\u00f3n en Materia de Desaparici\u00f3n de Personas, Mtro. H\u00e9ctor Javier Pe\u00f1a Meza, subray\u00f3 la efectividad de las acciones y la colaboraci\u00f3n interinstitucional, destacando los resultados positivos en la investigaci\u00f3n, b\u00fasqueda, localizaci\u00f3n e identificaci\u00f3n de personas desaparecidas. Este convenio refuerza el firme compromiso de respaldar a las v\u00edctimas indirectas y a sus familiares, proporcion\u00e1ndoles apoyo integral en todo el proceso derivado del hecho victimizante.<\/p>\n<p>La Primera Secretaria de la Embajada del Reino de Noruega en M\u00e9xico, Line Hammeren enfatiz\u00f3: \u201cAgradecemos mucho el compromiso y esfuerzo de la FGE de Colima de implementar medidas concretas para acercarse a identificaciones, y as\u00ed dar certeza a las y los familiares que buscan a sus seres queridos\u201d<\/p>\n<p>El coordinador del Programa de IDH, Maximilian Murck, coment\u00f3: \u201cLa identificaci\u00f3n humana no es una tarea sencilla, pero tampoco es una sin soluci\u00f3n. Gracias a los esfuerzos a nivel federal y estatal, a trav\u00e9s del cotejo de huellas dactilares con el INE, se lograron dar nombres a personas fallecidas y acercarse a miles de identificaciones. Felicitamos a la FGE de Colima por sumarse a este esfuerzo.\u201d<\/p>\n<p>En el evento estuvieron presentes, por parte de la FGE Colima, el Mtro. Bryant Alejandro Garc\u00eda Ram\u00edrez, Fiscal General del Estado; el Mtro. H\u00e9ctor Javier Pe\u00f1a Meza, Fiscal Especializado en la Investigaci\u00f3n en Materia de Desaparici\u00f3n de Personas y el Lic. Armando Esparza Prieto, Director General de Servicios Periciales y Ciencias Forenses.<\/p>\n<p>Por parte de la Embajada del Reino de Noruega en M\u00e9xico, estuvo presente Line Hammeren, Primera Secretaria. Finalmente, por parte del UNFPA, el Mtro. Maximilian Murck, Coordinador del Programa de Identificaci\u00f3n Humana en representaci\u00f3n de la Dra. Alanna Armitage, Representante de UNFPA en M\u00e9xico y Directora para Cuba y Rep\u00fablica Dominicana.<\/p>\n","protected":false},"excerpt":{"rendered":"<p>*Las huellas dactilares, junto con el ADN y la Odontolog\u00eda, son unos de los tres identificadores primarios de una persona. El d\u00eda de hoy, la Fiscal\u00eda General del Estado de Colima (FGE), llev\u00f3 a cabo la firma de un convenio de colaboraci\u00f3n con el Fondo de Poblaci\u00f3n de las Naciones Unidas (UNFPA), que permitir\u00e1 fortalecer&#8230;<\/p>\n","protected":false},"author":2,"featured_media":29296,"comment_status":"open","ping_status":"open","sticky":false,"template":"","format":"standard","meta":{"footnotes":""},"categories":[15],"tags":[29,30,28],"class_list":["post-29295","post","type-post","status-publish","format-standard","has-post-thumbnail","hentry","category-seguridad-y-justicia","tag-grid","tag-news","tag-slider"],"_links":{"self":[{"href":"http:\/\/elobservatorio.com.mx\/index.php?rest_route=\/wp\/v2\/posts\/29295"}],"collection":[{"href":"http:\/\/elobservatorio.com.mx\/index.php?rest_route=\/wp\/v2\/posts"}],"about":[{"href":"http:\/\/elobservatorio.com.mx\/index.php?rest_route=\/wp\/v2\/types\/post"}],"author":[{"embeddable":true,"href":"http:\/\/elobservatorio.com.mx\/index.php?rest_route=\/wp\/v2\/users\/2"}],"replies":[{"embeddable":true,"href":"http:\/\/elobservatorio.com.mx\/index.php?rest_route=%2Fwp%2Fv2%2Fcomments&post=29295"}],"version-history":[{"count":1,"href":"http:\/\/elobservatorio.com.mx\/index.php?rest_route=\/wp\/v2\/posts\/29295\/revisions"}],"predecessor-version":[{"id":29297,"href":"http:\/\/elobservatorio.com.mx\/index.php?rest_route=\/wp\/v2\/posts\/29295\/revisions\/29297"}],"wp:featuredmedia":[{"embeddable":true,"href":"http:\/\/elobservatorio.com.mx\/index.php?rest_route=\/wp\/v2\/media\/29296"}],"wp:attachment":[{"href":"http:\/\/elobservatorio.com.mx\/index.php?rest_route=%2Fwp%2Fv2%2Fmedia&parent=29295"}],"wp:term":[{"taxonomy":"category","embeddable":true,"href":"http:\/\/elobservatorio.com.mx\/index.php?rest_route=%2Fwp%2Fv2%2Fcategories&post=29295"},{"taxonomy":"post_tag","embeddable":true,"href":"http:\/\/elobservatorio.com.mx\/index.php?rest_route=%2Fwp%2Fv2%2Ftags&post=29295"}],"curies":[{"name":"wp","href":"https:\/\/api.w.org\/{rel}","templated":true}]}}