{"id":29298,"date":"2024-01-10T16:28:07","date_gmt":"2024-01-10T22:28:07","guid":{"rendered":"https:\/\/elobservatorio.com.mx\/?p=29298"},"modified":"2024-01-10T16:31:59","modified_gmt":"2024-01-10T22:31:59","slug":"gobernadora-superviso-obra-carretera-gestionada-por-el-diputado-rigoberto-garcia","status":"publish","type":"post","link":"http:\/\/elobservatorio.com.mx\/?p=29298","title":{"rendered":"Gobernadora supervis\u00f3 obra carretera gestionada por el diputado Rigoberto Garc\u00eda"},"content":{"rendered":"<p><em>* Se invierten m\u00e1s de 93 millones de pesos en la reconstrucci\u00f3n de 3.5 km de la carretera Tecom\u00e1n-Cofrad\u00eda de Morelos que beneficia a m\u00e1s de 88 mil habitantes<\/em><\/p>\n<p>Este mi\u00e9rcoles, la gobernadora de Colima, Indira Vizca\u00edno Silva supervis\u00f3 otra m\u00e1s de las #ObrasQueTransforman la entidad, como es la reconstrucci\u00f3n de 3.5 kil\u00f3metros de la carretera entre Tecom\u00e1n y Cofrad\u00eda de Morelos, en la que se est\u00e1n invirtiendo 93 millones 039 mil pesos y que beneficiar\u00e1 a 88 mil 028 habitantes de esta regi\u00f3n.<\/p>\n<p>Dicha obra consiste en la reconstrucci\u00f3n de dos carriles de ida y dos carriles de vuelta. Cada uno con 3.50 metros de ancho. Esta carretera ten\u00eda da\u00f1os desde hace mucho tiempo y aun as\u00ed las personas segu\u00edan haciendo uso de ella.<\/p>\n<p>Luego del sismo del 19 de septiembre de 2022, el da\u00f1o fue m\u00e1s visible y se tom\u00f3 la decisi\u00f3n de cerrar dos carriles. La obra de reconstrucci\u00f3n inici\u00f3 en octubre de 2023.<\/p>\n<p>En esta supervisi\u00f3n, la mandataria estatal estuvo acompa\u00f1ada por la secretaria de Infraestructura, Desarrollo Urbano y Movilidad (Seidum), Marisol Neri Le\u00f3n; el presidente municipal de Tecom\u00e1n, El\u00edas Lozano Ochoa, as\u00ed como las diputadas locales Ana Karen Hern\u00e1ndez Aceves, Andrea Naranjo Alcaraz y Yommira Carrillo Barreto, adem\u00e1s de los legisladores Julio Cano Far\u00edas y Armando Reyna Maga\u00f1a.<\/p>\n<p>Cabe se\u00f1alar que dicha obra fue gestionada ante la SICT (Federal) y SEIDUR (Estatal)\u00a0 por el actual diputado local Rigoberto Garc\u00eda Negrete, en diciembre del 2021, ante la necesidad que hab\u00eda\u00a0 de rehabilitar dicho tramo que estaba causando muchos accidentes debido a los graves da\u00f1os que ten\u00eda en su infraestructura, obra que fue anunciada por el gobierno estatal para entregar en su totalidad a cuatro carriles el pasado diciembre del 2023<\/p>\n","protected":false},"excerpt":{"rendered":"<p>* Se invierten m\u00e1s de 93 millones de pesos en la reconstrucci\u00f3n de 3.5 km de la carretera Tecom\u00e1n-Cofrad\u00eda de Morelos que beneficia a m\u00e1s de 88 mil habitantes Este mi\u00e9rcoles, la gobernadora de Colima, Indira Vizca\u00edno Silva supervis\u00f3 otra m\u00e1s de las #ObrasQueTransforman la entidad, como es la reconstrucci\u00f3n de 3.5 kil\u00f3metros de la&#8230;<\/p>\n","protected":false},"author":2,"featured_media":29299,"comment_status":"open","ping_status":"open","sticky":false,"template":"","format":"standard","meta":{"footnotes":""},"categories":[16],"tags":[29,30,28],"class_list":["post-29298","post","type-post","status-publish","format-standard","has-post-thumbnail","hentry","category-gobierno","tag-grid","tag-news","tag-slider"],"_links":{"self":[{"href":"http:\/\/elobservatorio.com.mx\/index.php?rest_route=\/wp\/v2\/posts\/29298"}],"collection":[{"href":"http:\/\/elobservatorio.com.mx\/index.php?rest_route=\/wp\/v2\/posts"}],"about":[{"href":"http:\/\/elobservatorio.com.mx\/index.php?rest_route=\/wp\/v2\/types\/post"}],"author":[{"embeddable":true,"href":"http:\/\/elobservatorio.com.mx\/index.php?rest_route=\/wp\/v2\/users\/2"}],"replies":[{"embeddable":true,"href":"http:\/\/elobservatorio.com.mx\/index.php?rest_route=%2Fwp%2Fv2%2Fcomments&post=29298"}],"version-history":[{"count":3,"href":"http:\/\/elobservatorio.com.mx\/index.php?rest_route=\/wp\/v2\/posts\/29298\/revisions"}],"predecessor-version":[{"id":29302,"href":"http:\/\/elobservatorio.com.mx\/index.php?rest_route=\/wp\/v2\/posts\/29298\/revisions\/29302"}],"wp:featuredmedia":[{"embeddable":true,"href":"http:\/\/elobservatorio.com.mx\/index.php?rest_route=\/wp\/v2\/media\/29299"}],"wp:attachment":[{"href":"http:\/\/elobservatorio.com.mx\/index.php?rest_route=%2Fwp%2Fv2%2Fmedia&parent=29298"}],"wp:term":[{"taxonomy":"category","embeddable":true,"href":"http:\/\/elobservatorio.com.mx\/index.php?rest_route=%2Fwp%2Fv2%2Fcategories&post=29298"},{"taxonomy":"post_tag","embeddable":true,"href":"http:\/\/elobservatorio.com.mx\/index.php?rest_route=%2Fwp%2Fv2%2Ftags&post=29298"}],"curies":[{"name":"wp","href":"https:\/\/api.w.org\/{rel}","templated":true}]}}