{"id":29303,"date":"2024-01-10T17:13:24","date_gmt":"2024-01-10T23:13:24","guid":{"rendered":"https:\/\/elobservatorio.com.mx\/?p=29303"},"modified":"2024-01-10T17:13:24","modified_gmt":"2024-01-10T23:13:24","slug":"fiestas-en-honor-a-la-virgen-de-la-candelaria-2024-arrancaran-el-13-de-enero-con-la-procesion-al-balneario-tecuanillo","status":"publish","type":"post","link":"http:\/\/elobservatorio.com.mx\/?p=29303","title":{"rendered":"Fiestas en honor a la Virgen de la Candelaria 2024 arrancar\u00e1n el 13 de enero con la Procesi\u00f3n al Balneario Tecuanillo"},"content":{"rendered":"<p>*Invitan a pap\u00e1s a vestir a sus ni\u00f1os de Santiaguitos y Canditas para ir inculcando a futuras generaciones.<\/p>\n<p>*Dan a conocer programa de la fiesta de la Candelaria<\/p>\n<p><em>Tecom\u00e1n Col.<\/em>&#8211; En rueda de prensa, el presb\u00edtero Jos\u00e9 Manuel Gonz\u00e1lez C\u00e1rdenas, vicario de la parroquia de Santiago Ap\u00f3stol y Santuario Diocesano de Virgen de la Candelaria, el Coordinador del Consejo Parroquial Andr\u00e9s Josehi Ram\u00edrez Venegas y la secretaria del Consejo Martha Zulema Mart\u00ednez dieron a conocer el programa de la fiesta en honor a la Virgen de la Candelaria.<\/p>\n<p>Inform\u00f3 que las actividades arrancan el s\u00e1bado 13 de enero con\u00a0 la Procesi\u00f3n al Balneario de Tecuanillo, a las 06:00 horas, que saldr\u00e1 del templo Parroquial de Santo Santiago Ap\u00f3stol, mientras<br \/>\nque el viernes 19 de enero ser\u00e1 la Procesi\u00f3n Penitente a Valenzuela, a las 17:00 horas (cinco de la tarde),\u00a0 iniciando con la bendici\u00f3n de cruces, meditaci\u00f3n penitencial, peregrinaci\u00f3n al templo Santo Santiago.<\/p>\n<p>El\u00a0 s\u00e1bado 20 de enero se llevar\u00e1 a cabo\u00a0 la celebraci\u00f3n eucar\u00edstica en la Ermita,\u00a0 a las cinco de la tarde, refrendando a Mar\u00eda,\u00a0 nuestro auxilio ante los fen\u00f3menos naturales\/ Bendici\u00f3n de los Terrenos de la Feria del Lim\u00f3n Tecom\u00e1n 2024<\/p>\n<p><strong>El domingo 21<\/strong> de enero la presentaci\u00f3n y bendici\u00f3n del vestido para el novenario dentro de la misa de doce del d\u00eda, adem\u00e1s ser\u00e1\u00a0 el tradicional convite de angelitos y santiaguitos, reparto de d\u00e9cimas que comenzar\u00e1 a las cinco de la tarde, la salida ser\u00e1 del templo parroquial.<br \/>\nPara el lunes 22 de enero la bendici\u00f3n y env\u00edo de equipo de campaneros parroquiales.<br \/>\nEl martes 23 de enero el Repique de Campanas para anunciar la fiesta en honor a nuestra Se\u00f1ora de la Candelaria en las celebraciones de 12:00 horas y 19:00 horas<br \/>\nEl viernes 26 de enero ser\u00e1 la Recepci\u00f3n de la bendita imagen de la Virgen de Talpa y hermanos peregrinos,\u00a0 a las seis de la tarde.<br \/>\nEl s\u00e1bado 27 de enero la Celebraci\u00f3n de unci\u00f3n de enfermos a las 12:00 horas.<br \/>\nEl domingo 28 de enero la Marcha de la fe a las 8.00 horas de Pascuales al templo Santo Santiago. Esta actividad que realizaba del templo de nuestra Se\u00f1ora de Guadalupe de Armer\u00eda, para llegar a misa de doce al Santuario de la Virgen de la Candelaria, pero el tramo carretero est\u00e1 en proceso de construcci\u00f3n.-<\/p>\n<p>El jueves 01 de febrero habr\u00e1 un homenaje musical en honor a nuestra Se\u00f1ora de la Candelaria que iniciar\u00e1 a las 17:00 horas, a cargo de diferentes cantautores, as\u00ed s\u00ed como la Recepci\u00f3n de las Sagradas im\u00e1genes peregrinas de la Sagrada Familia de Zapotl\u00e1n el Grande (Ciudad Guzm\u00e1n, Jal) y hermanos peregrinos en punto de las 18:00 horas. La Recepci\u00f3n de la imagen Peregrina de nuestra Se\u00f1ora de la Asunci\u00f3n de Tolim\u00e1n, Jalisco y hermanos peregrinos en punto de las 20:00 horas.<\/p>\n<p>Para el viernes 02 de febrero, XXXV Aniversario de la Coronaci\u00f3n Pontifica de la Bicentenaria Imagen de Nuestra Se\u00f1ora de la Candelaria Patrona del Valle de Tecom\u00e1n. Ma\u00f1anitas a nuestra Se\u00f1ora de la Candelaria, solemne Eucarist\u00eda a las 00:00 (se le conoce como el horario de las doce de la noche). La Recepci\u00f3n de la bendita imagen del Se\u00f1or de la expiraci\u00f3n de Rancho de Villa, Colima y hermanos peregrinos en punto de las 12.00 horas. Celebraci\u00f3n de env\u00edo con miembros de la Guardia de Honor y Vareros.<\/p>\n<p>A las ocho de la noche la Celebraci\u00f3n Eucar\u00edstica Solemne de funci\u00f3n, presidida por Mons. Gerardo D\u00edaz V\u00e1zquez (solemne evento de coronaci\u00f3n)<br \/>\nEl s\u00e1bado 10 de febrero es la Procesi\u00f3n al balneario de Pascuales a las 06:00 horas y el domingo 11 de febrero el Desfile Revencristo 19:00 horas (salida del parque Insurgentes).<\/p>\n","protected":false},"excerpt":{"rendered":"<p>*Invitan a pap\u00e1s a vestir a sus ni\u00f1os de Santiaguitos y Canditas para ir inculcando a futuras generaciones. *Dan a conocer programa de la fiesta de la Candelaria Tecom\u00e1n Col.&#8211; En rueda de prensa, el presb\u00edtero Jos\u00e9 Manuel Gonz\u00e1lez C\u00e1rdenas, vicario de la parroquia de Santiago Ap\u00f3stol y Santuario Diocesano de Virgen de la Candelaria,&#8230;<\/p>\n","protected":false},"author":2,"featured_media":29304,"comment_status":"open","ping_status":"open","sticky":false,"template":"","format":"standard","meta":{"footnotes":""},"categories":[12,34],"tags":[],"class_list":["post-29303","post","type-post","status-publish","format-standard","has-post-thumbnail","hentry","category-sociedad","category-tecoman"],"_links":{"self":[{"href":"http:\/\/elobservatorio.com.mx\/index.php?rest_route=\/wp\/v2\/posts\/29303"}],"collection":[{"href":"http:\/\/elobservatorio.com.mx\/index.php?rest_route=\/wp\/v2\/posts"}],"about":[{"href":"http:\/\/elobservatorio.com.mx\/index.php?rest_route=\/wp\/v2\/types\/post"}],"author":[{"embeddable":true,"href":"http:\/\/elobservatorio.com.mx\/index.php?rest_route=\/wp\/v2\/users\/2"}],"replies":[{"embeddable":true,"href":"http:\/\/elobservatorio.com.mx\/index.php?rest_route=%2Fwp%2Fv2%2Fcomments&post=29303"}],"version-history":[{"count":1,"href":"http:\/\/elobservatorio.com.mx\/index.php?rest_route=\/wp\/v2\/posts\/29303\/revisions"}],"predecessor-version":[{"id":29305,"href":"http:\/\/elobservatorio.com.mx\/index.php?rest_route=\/wp\/v2\/posts\/29303\/revisions\/29305"}],"wp:featuredmedia":[{"embeddable":true,"href":"http:\/\/elobservatorio.com.mx\/index.php?rest_route=\/wp\/v2\/media\/29304"}],"wp:attachment":[{"href":"http:\/\/elobservatorio.com.mx\/index.php?rest_route=%2Fwp%2Fv2%2Fmedia&parent=29303"}],"wp:term":[{"taxonomy":"category","embeddable":true,"href":"http:\/\/elobservatorio.com.mx\/index.php?rest_route=%2Fwp%2Fv2%2Fcategories&post=29303"},{"taxonomy":"post_tag","embeddable":true,"href":"http:\/\/elobservatorio.com.mx\/index.php?rest_route=%2Fwp%2Fv2%2Ftags&post=29303"}],"curies":[{"name":"wp","href":"https:\/\/api.w.org\/{rel}","templated":true}]}}