{"id":29310,"date":"2024-01-10T20:06:18","date_gmt":"2024-01-11T02:06:18","guid":{"rendered":"https:\/\/elobservatorio.com.mx\/?p=29310"},"modified":"2024-01-10T20:06:18","modified_gmt":"2024-01-11T02:06:18","slug":"felicita-griselda-martinez-al-pueblo-de-canoas-por-su-resistencia-en-la-defensa-de-su-territorio","status":"publish","type":"post","link":"http:\/\/elobservatorio.com.mx\/?p=29310","title":{"rendered":"Felicita Griselda Mart\u00ednez al pueblo de Canoas por su resistencia en la defensa de su territorio"},"content":{"rendered":"<p><em>*Agradeci\u00f3 y reconoci\u00f3 el trabajo de Humberto Ad\u00e1n Pe\u00f1a Fuentes, Comisionado Nacional de \u00c1reas Naturales Protegidas, quuien contribuy\u00f3 a concretar el decreto en beneficio de Canoas.<\/em><\/p>\n<p>\u201cEste es sin duda un triunfo del pueblo de Canoas\u201d, se\u00f1al\u00f3 la Presidenta Municipal de Manzanillo, Griselda Mart\u00ednez, tras informar que el Presidente de la Rep\u00fablica, Andr\u00e9s Manuel L\u00f3pez Obrador decret\u00f3 como \u00c1rea Natural Protegida la regi\u00f3n Canoas, Manzanillo.<\/p>\n<p>La alcaldesa destac\u00f3 que \u201cTras muchos a\u00f1os de resistencia, hoy la poblaci\u00f3n de Canoas debe sentirse tranquila y aprovech\u00f3 para reconocer y agradecer a Humberto Ad\u00e1n Pe\u00f1a Fuentes, Comisionado Nacional de \u00c1reas Naturales Protegidas, su trabajo en la realizaci\u00f3n de los tr\u00e1mites y seguimiento que al final concluy\u00f3 con este decreto presidencial que reconoce y protege la riqueza natural de Canoas, \u201cPara que nunca m\u00e1s se les ocurra a saqueadores de la Madre Tierra venir a destrozar Canoas\u201d, se\u00f1al\u00f3.<\/p>\n<p>Griselda Mart\u00ednez record\u00f3 que al inicio de su primera administraci\u00f3n, pobladores de Canoas le solicitaron apoyo pues algunas personas interesadas en saquear las riquezas naturales ya hab\u00edan llevado maquinaria, por lo que ella solicit\u00f3 la intervenci\u00f3n de la Guardia Nacional; aunado a ello, su administraci\u00f3n implement\u00f3 un trabajo muy cercano a la gente de la comunidad para reactivar su econom\u00eda a trav\u00e9s del turismo alternativo y de naturaleza creando la ruta tur\u00edstica del caf\u00e9, adem\u00e1s de la realizaci\u00f3n de dos festivales culturales por a\u00f1o, mismos que se han llevado a cabo de manera ininterrumpida; todo con tal de que la gente conociera esa tierra y se enamorara de ella para que tambi\u00e9n se sumara a su defensa.<\/p>\n<p>En importante destacar que la regi\u00f3n de Canoas comprende 19,001-50-65.57 hect\u00e1reas de la superficie total del \u00abCorredor Biol\u00f3gico Canoas-Manantl\u00e1n\u00bb y presenta ecosistemas como bosques templados y selvas secas en buen estado de conservaci\u00f3n, as\u00ed como zonas de recargas de mantos acu\u00edferos y zonas de aprovechamiento de recursos. La regi\u00f3n es h\u00e1bitat y refugio para diferentes especies silvestres end\u00e9micas. Alberga y salvaguarda m\u00e1s de 1 mil especies nativas de las cuales 286 son end\u00e9micas y 55 se enlistan en alguna categor\u00eda de riesgo de la \u00abNorma Oficial Mexicana NOM-059-SEMARNAT-2010, y 12 especies prioritarias para la conservaci\u00f3n en M\u00e9xico.<\/p>\n","protected":false},"excerpt":{"rendered":"<p>*Agradeci\u00f3 y reconoci\u00f3 el trabajo de Humberto Ad\u00e1n Pe\u00f1a Fuentes, Comisionado Nacional de \u00c1reas Naturales Protegidas, quuien contribuy\u00f3 a concretar el decreto en beneficio de Canoas. \u201cEste es sin duda un triunfo del pueblo de Canoas\u201d, se\u00f1al\u00f3 la Presidenta Municipal de Manzanillo, Griselda Mart\u00ednez, tras informar que el Presidente de la Rep\u00fablica, Andr\u00e9s Manuel L\u00f3pez&#8230;<\/p>\n","protected":false},"author":2,"featured_media":29311,"comment_status":"open","ping_status":"open","sticky":false,"template":"","format":"standard","meta":{"footnotes":""},"categories":[35,8],"tags":[29,30,28],"class_list":["post-29310","post","type-post","status-publish","format-standard","has-post-thumbnail","hentry","category-manzanillo","category-municipios","tag-grid","tag-news","tag-slider"],"_links":{"self":[{"href":"http:\/\/elobservatorio.com.mx\/index.php?rest_route=\/wp\/v2\/posts\/29310"}],"collection":[{"href":"http:\/\/elobservatorio.com.mx\/index.php?rest_route=\/wp\/v2\/posts"}],"about":[{"href":"http:\/\/elobservatorio.com.mx\/index.php?rest_route=\/wp\/v2\/types\/post"}],"author":[{"embeddable":true,"href":"http:\/\/elobservatorio.com.mx\/index.php?rest_route=\/wp\/v2\/users\/2"}],"replies":[{"embeddable":true,"href":"http:\/\/elobservatorio.com.mx\/index.php?rest_route=%2Fwp%2Fv2%2Fcomments&post=29310"}],"version-history":[{"count":1,"href":"http:\/\/elobservatorio.com.mx\/index.php?rest_route=\/wp\/v2\/posts\/29310\/revisions"}],"predecessor-version":[{"id":29312,"href":"http:\/\/elobservatorio.com.mx\/index.php?rest_route=\/wp\/v2\/posts\/29310\/revisions\/29312"}],"wp:featuredmedia":[{"embeddable":true,"href":"http:\/\/elobservatorio.com.mx\/index.php?rest_route=\/wp\/v2\/media\/29311"}],"wp:attachment":[{"href":"http:\/\/elobservatorio.com.mx\/index.php?rest_route=%2Fwp%2Fv2%2Fmedia&parent=29310"}],"wp:term":[{"taxonomy":"category","embeddable":true,"href":"http:\/\/elobservatorio.com.mx\/index.php?rest_route=%2Fwp%2Fv2%2Fcategories&post=29310"},{"taxonomy":"post_tag","embeddable":true,"href":"http:\/\/elobservatorio.com.mx\/index.php?rest_route=%2Fwp%2Fv2%2Ftags&post=29310"}],"curies":[{"name":"wp","href":"https:\/\/api.w.org\/{rel}","templated":true}]}}