{"id":29343,"date":"2024-01-15T23:19:48","date_gmt":"2024-01-16T05:19:48","guid":{"rendered":"https:\/\/elobservatorio.com.mx\/?p=29343"},"modified":"2024-01-15T23:19:48","modified_gmt":"2024-01-16T05:19:48","slug":"aprueba-iee-colima-cuenta-publica-de-diciembre-de-2023","status":"publish","type":"post","link":"http:\/\/elobservatorio.com.mx\/?p=29343","title":{"rendered":"Aprueba IEE Colima cuenta p\u00fablica de diciembre de 2023"},"content":{"rendered":"<p><em>*Consejera Presidenta la vota en contra argumentando violaciones a la ley y reglamentos<\/em><\/p>\n<p>Con el voto de seis Consejer\u00edas Electorales, este lunes 15 de enero durante la S\u00e9ptima Sesi\u00f3n Ordinaria del Proceso Electoral Local 2023-2024, el Consejo General del Instituto Electoral del Estado de Colima (IEE) aprob\u00f3 la Cuenta P\u00fablica Mensual, correspondiente al mes de diciembre de 2023, en cumplimiento a lo establecido en la Ley de Fiscalizaci\u00f3n Superior y Rendici\u00f3n de Cuentas del Estado de Colima.<\/p>\n<p>Al hacer uso de la voz, la Consejera Presidenta, Mar\u00eda Elena Adriana Ruiz Visfocri, coment\u00f3 que el documento refleja el \u201cmaltrecho estado financiero en el que se encontr\u00f3 desde el mes de julio del a\u00f1o pasado, nuestro Instituto Electoral, debido al recorte presupuestal llevado a cabo por el Congreso del Estado y a la negativa del Ejecutivo a otorgar mediante ampliaciones, los recursos indispensables para cumplir con los compromisos laborales, legales, contractuales y administrativos adquirido durante el 2023\u201d.<\/p>\n<p>Expres\u00f3 que se ha ocasionado el impago de la liquidaci\u00f3n de las prestaciones laborales de una persona que trabaj\u00f3 durante m\u00e1s de un a\u00f1o en el Instituto Electoral, y desde octubre de 2023 se gener\u00f3 la obligatoriedad del mencionado pago, sin embargo no hay indicios de que se haya provisionado contablemente en el pasivo, a\u00fan \u201ccon las dos ampliaciones que se efectuaron en diciembre al presupuesto y la transferencia entre partidas que propuso y aprob\u00f3 la Comisi\u00f3n de Administraci\u00f3n, Prerrogativas y Partidos Pol\u00edticos\u201d.<\/p>\n<p>De la misma cuenta p\u00fablica, dijo Ruiz Visfocri, se desprende que al Secretario Ejecutivo no se le cubrieron las quincenas de la 22 a la 24, as\u00ed como sus prestaciones de fin de a\u00f1o conforme a lo autorizado en el acuerdo de reasignaci\u00f3n, aprobado el 31 de enero de 2023, para el puesto que desempe\u00f1a el referido funcionario, sino que se le cubrieron con el equivalente al salario que percibi\u00f3 en el 2021, sin haberse fundado y motivado la disminuci\u00f3n a sus remuneraciones.<\/p>\n<p>La Consejera Presidente argument\u00f3 que \u201ctoda vez que este funcionario, adem\u00e1s cuenta con una suspensi\u00f3n otorgada por Autoridad Jurisdiccional, que nos vincula, y le garantiza recibir las percepciones que se encontraban vigentes a partir del primero de enero de 2023, en el C\u00f3digo Electoral del Estado. Estos impagos no se mencionan en las notas de los Estados financieros de la presente cuenta p\u00fabica\u201d, sostuvo.<\/p>\n<p>As\u00ed mismo, anot\u00f3 que al analizarse la cuenta p\u00fablica de diciembre del a\u00f1o pasado, se advierte que no se provision\u00f3, ni se realiz\u00f3 el pago correspondiente a la \u2018Primera Aportaci\u00f3n por parte del organismo p\u00fablico local electoral del mes de diciembre de 2023\u2019, y por lo tanto se incumpli\u00f3 con el compromiso establecido en el \u2018Convenio General de Coordinaci\u00f3n y Colaboraci\u00f3n del Proceso Electoral Concurrente 2023-2024\u2019 suscrito con el Instituto Nacional Electoral (INE), concretamente en el Anexo Financiero del Anexo T\u00e9cnico, del propio instrumento.<\/p>\n<p>Lo anterior \u201csin fundamentaci\u00f3n, motivaci\u00f3n alguna expresada en los acuerdos de ampliaci\u00f3n y transferencia entre partidas propuestos y aprobados por la Comisi\u00f3n de Administraci\u00f3n\u201d, expres\u00f3 Adriana Ruiz Visfocri al votar la cuenta p\u00fablica mensual de diciembre en contra, argumentando violaciones a la Ley General de Instituciones y Procedimientos Electorales, al Reglamento Interior del INE y al Reglamento de Elecciones.<\/p>\n<p>En otros puntos del Orden del D\u00eda, este lunes tambi\u00e9n se aprob\u00f3 el Programa Anual de Trabajo del \u00d3rgano Interno de Control del IEE para el ejercicio 2024; as\u00ed como actas de sesiones efectuadas en el mes de diciembre del a\u00f1o anterior.<\/p>\n<p>Adem\u00e1s, en Asuntos Generales, las y los integrantes del Consejo General rindieron un homenaje p\u00f3stumo y guardaron un minuto de silencio por la Licenciada Patricia Figueroa Gonz\u00e1lez, quien se desempe\u00f1aba como coordinadora de Organizaci\u00f3n Electoral de este organismo y falleci\u00f3 la semana pasada, destacando su labor dentro de la instituci\u00f3n, as\u00ed como su personalidad alegre, amigable y profesional; y mandando un abrazo solidario a su familia.<\/p>\n","protected":false},"excerpt":{"rendered":"<p>*Consejera Presidenta la vota en contra argumentando violaciones a la ley y reglamentos Con el voto de seis Consejer\u00edas Electorales, este lunes 15 de enero durante la S\u00e9ptima Sesi\u00f3n Ordinaria del Proceso Electoral Local 2023-2024, el Consejo General del Instituto Electoral del Estado de Colima (IEE) aprob\u00f3 la Cuenta P\u00fablica Mensual, correspondiente al mes de&#8230;<\/p>\n","protected":false},"author":2,"featured_media":29344,"comment_status":"open","ping_status":"open","sticky":false,"template":"","format":"standard","meta":{"footnotes":""},"categories":[61,12],"tags":[29,30,28],"class_list":["post-29343","post","type-post","status-publish","format-standard","has-post-thumbnail","hentry","category-elecciones-2024","category-sociedad","tag-grid","tag-news","tag-slider"],"_links":{"self":[{"href":"http:\/\/elobservatorio.com.mx\/index.php?rest_route=\/wp\/v2\/posts\/29343"}],"collection":[{"href":"http:\/\/elobservatorio.com.mx\/index.php?rest_route=\/wp\/v2\/posts"}],"about":[{"href":"http:\/\/elobservatorio.com.mx\/index.php?rest_route=\/wp\/v2\/types\/post"}],"author":[{"embeddable":true,"href":"http:\/\/elobservatorio.com.mx\/index.php?rest_route=\/wp\/v2\/users\/2"}],"replies":[{"embeddable":true,"href":"http:\/\/elobservatorio.com.mx\/index.php?rest_route=%2Fwp%2Fv2%2Fcomments&post=29343"}],"version-history":[{"count":1,"href":"http:\/\/elobservatorio.com.mx\/index.php?rest_route=\/wp\/v2\/posts\/29343\/revisions"}],"predecessor-version":[{"id":29345,"href":"http:\/\/elobservatorio.com.mx\/index.php?rest_route=\/wp\/v2\/posts\/29343\/revisions\/29345"}],"wp:featuredmedia":[{"embeddable":true,"href":"http:\/\/elobservatorio.com.mx\/index.php?rest_route=\/wp\/v2\/media\/29344"}],"wp:attachment":[{"href":"http:\/\/elobservatorio.com.mx\/index.php?rest_route=%2Fwp%2Fv2%2Fmedia&parent=29343"}],"wp:term":[{"taxonomy":"category","embeddable":true,"href":"http:\/\/elobservatorio.com.mx\/index.php?rest_route=%2Fwp%2Fv2%2Fcategories&post=29343"},{"taxonomy":"post_tag","embeddable":true,"href":"http:\/\/elobservatorio.com.mx\/index.php?rest_route=%2Fwp%2Fv2%2Ftags&post=29343"}],"curies":[{"name":"wp","href":"https:\/\/api.w.org\/{rel}","templated":true}]}}