{"id":29400,"date":"2024-01-17T23:04:23","date_gmt":"2024-01-18T05:04:23","guid":{"rendered":"https:\/\/elobservatorio.com.mx\/?p=29400"},"modified":"2024-01-17T23:04:23","modified_gmt":"2024-01-18T05:04:23","slug":"griselda-martinez-felicita-al-vicealmirante-adrian-hermilo-valle-gonzalez-nuevo-comandante-de-la-decima-region-naval","status":"publish","type":"post","link":"http:\/\/elobservatorio.com.mx\/?p=29400","title":{"rendered":"Griselda Mart\u00ednez felicita al vicealmirante Adri\u00e1n Hermilo Valle Gonz\u00e1lez, nuevo comandante de la D\u00e9cima Regi\u00f3n Naval"},"content":{"rendered":"<p>Al acudir a la ceremonia de entrega recepci\u00f3n del cambio de mando de la D\u00e9cima Regi\u00f3n Naval, el cual fue recibido por el comandante Adri\u00e1n Hermilo Valle Gonz\u00e1lez, en sustituci\u00f3n del almirante Vicente Andrade Morales, la presidenta Griselda Mart\u00ednez, expres\u00f3 su felicitaci\u00f3n y ponder\u00f3 la importancia de la buena coordinaci\u00f3n entre instituciones en bien de las y los manzanillenses.<\/p>\n<p>Acompa\u00f1ada por el capit\u00e1n Fernando Winfield Torres, director general de Seguridad P\u00fablica y Polic\u00eda Vial de Manzanillo, la alcaldesa en breve reuni\u00f3n con el nuevo comandante de la D\u00e9cima Regi\u00f3n Naval, coincidi\u00f3 en el trabajo en equipo, el respeto institucional y activar acciones en beneficio del municipio.<\/p>\n","protected":false},"excerpt":{"rendered":"<p>Al acudir a la ceremonia de entrega recepci\u00f3n del cambio de mando de la D\u00e9cima Regi\u00f3n Naval, el cual fue recibido por el comandante Adri\u00e1n Hermilo Valle Gonz\u00e1lez, en sustituci\u00f3n del almirante Vicente Andrade Morales, la presidenta Griselda Mart\u00ednez, expres\u00f3 su felicitaci\u00f3n y ponder\u00f3 la importancia de la buena coordinaci\u00f3n entre instituciones en bien de&#8230;<\/p>\n","protected":false},"author":2,"featured_media":29401,"comment_status":"open","ping_status":"open","sticky":false,"template":"","format":"standard","meta":{"footnotes":""},"categories":[35,8],"tags":[29,30,28],"class_list":["post-29400","post","type-post","status-publish","format-standard","has-post-thumbnail","hentry","category-manzanillo","category-municipios","tag-grid","tag-news","tag-slider"],"_links":{"self":[{"href":"http:\/\/elobservatorio.com.mx\/index.php?rest_route=\/wp\/v2\/posts\/29400"}],"collection":[{"href":"http:\/\/elobservatorio.com.mx\/index.php?rest_route=\/wp\/v2\/posts"}],"about":[{"href":"http:\/\/elobservatorio.com.mx\/index.php?rest_route=\/wp\/v2\/types\/post"}],"author":[{"embeddable":true,"href":"http:\/\/elobservatorio.com.mx\/index.php?rest_route=\/wp\/v2\/users\/2"}],"replies":[{"embeddable":true,"href":"http:\/\/elobservatorio.com.mx\/index.php?rest_route=%2Fwp%2Fv2%2Fcomments&post=29400"}],"version-history":[{"count":1,"href":"http:\/\/elobservatorio.com.mx\/index.php?rest_route=\/wp\/v2\/posts\/29400\/revisions"}],"predecessor-version":[{"id":29402,"href":"http:\/\/elobservatorio.com.mx\/index.php?rest_route=\/wp\/v2\/posts\/29400\/revisions\/29402"}],"wp:featuredmedia":[{"embeddable":true,"href":"http:\/\/elobservatorio.com.mx\/index.php?rest_route=\/wp\/v2\/media\/29401"}],"wp:attachment":[{"href":"http:\/\/elobservatorio.com.mx\/index.php?rest_route=%2Fwp%2Fv2%2Fmedia&parent=29400"}],"wp:term":[{"taxonomy":"category","embeddable":true,"href":"http:\/\/elobservatorio.com.mx\/index.php?rest_route=%2Fwp%2Fv2%2Fcategories&post=29400"},{"taxonomy":"post_tag","embeddable":true,"href":"http:\/\/elobservatorio.com.mx\/index.php?rest_route=%2Fwp%2Fv2%2Ftags&post=29400"}],"curies":[{"name":"wp","href":"https:\/\/api.w.org\/{rel}","templated":true}]}}