{"id":29428,"date":"2024-01-22T23:06:02","date_gmt":"2024-01-23T05:06:02","guid":{"rendered":"https:\/\/elobservatorio.com.mx\/?p=29428"},"modified":"2024-01-22T23:06:02","modified_gmt":"2024-01-23T05:06:02","slug":"anuncia-margarita-moreno-13-festival-del-tamal-y-atole","status":"publish","type":"post","link":"http:\/\/elobservatorio.com.mx\/?p=29428","title":{"rendered":"Anuncia Margarita Moreno 13\u00b0 Festival del Tamal y Atole"},"content":{"rendered":"<div><em>*Se llevar\u00e1 a cabo del 31 de enero al 2 de febrero en el jard\u00edn de San Francisco. <\/em><\/div>\n<div><em>*El Ayuntamiento de Colima presentar\u00e1 espect\u00e1culos y shows familiarmente amigables, afirm\u00f3 la alcaldesa capitalina.<\/em><\/div>\n<p><br aria-hidden=\"true\" \/>Al presentar el Cartel del Festival del Tamal y el Atole en su Edici\u00f3n No. 13\u00b0, la presidenta municipal de Colima, Margarita Moreno refrend\u00f3 su respaldo para seguir apoyando a los sectores productivos del municipio, dando un punto de encuentro familiarmente amigable.<br aria-hidden=\"true\" \/><br aria-hidden=\"true\" \/>Destac\u00f3 que desde un inicio de su administraci\u00f3n se fij\u00f3 la meta de que cada acci\u00f3n realizada generar\u00e1 un beneficio directo a las familias, como en este caso al apoyar al comercio local y que es un espacio que servir\u00e1 para mejorar su econom\u00eda.<br aria-hidden=\"true\" \/><br aria-hidden=\"true\" \/>Margarita Moreno invit\u00f3 a la poblaci\u00f3n a que visite el jard\u00edn San Francisco, donde se realizar\u00e1 este festival del 31 de enero al 2 de febrero, y cuya fuente recientemente se reactiv\u00f3, como parte del programa de rescate de espacios p\u00fablicos.<br aria-hidden=\"true\" \/><br aria-hidden=\"true\" \/>La presidenta Margarita Moreno explic\u00f3 que cada vez se consolida m\u00e1s este festival del Tamal y Atole, y que en esta 13\u00b0 edici\u00f3n se seguir\u00e1 apoyando para que contin\u00fae siendo un referente gastron\u00f3mico de esta temporada.<br aria-hidden=\"true\" \/><br aria-hidden=\"true\" \/>En su Exposici\u00f3n de motivos del Festival por Jos\u00e9 Mart\u00ednez Paredes, Coordinador del 13 Festival del Tamal y el Atole, manifest\u00f3 que es un gusto anunciar este festival que se realizar\u00e1 del 31 de enero al 2 de febrero, de 8:00 \u00a0de la ma\u00f1ana a 11:00 de la noche, en el Jard\u00edn de San Francisco, donde participar\u00e1n m\u00e1s de 60 comerciantes de tamales, con la participaci\u00f3n especial de Durango y Coahuila. \u00a0<br aria-hidden=\"true\" \/><br aria-hidden=\"true\" \/>Aracely Vargas Avi\u00f1a, directora general adjunta de Educaci\u00f3n, Cultura y Recreaci\u00f3n, anunci\u00f3 la participaci\u00f3n de grupos colimenses, como Delorean, la Rondalla del Municipio de Colima, Danza Polinesias y tambi\u00e9n con el show de Bet\u00fan, as\u00ed como la participaci\u00f3n del Grupo Rom\u00e1ntico, los cuales se presentar\u00e1n durante estas fechas.<br aria-hidden=\"true\" \/><br aria-hidden=\"true\" \/>En su intervenci\u00f3n, Leslie M. L\u00f3pez Lozano present\u00f3 seis sabores de tamales, entre los que destac\u00f3 de cochinita pibil, uno vegetariano de acelgas, tamales dulces de guayaba, as\u00ed como un nuevo sabor especial de mole rosa de Taxco, Guerrero.<br aria-hidden=\"true\" \/><br aria-hidden=\"true\" \/>Asimismo, Ferm\u00edn Ramos Pe\u00f1a present\u00f3 su tamal de tatemado y barbacoa, que se a\u00f1ade a esta oferta gastron\u00f3mica del Festival del Tamal \u00a0y Atole. \u00a0<br aria-hidden=\"true\" \/><br aria-hidden=\"true\" \/>Al final, se realiz\u00f3 una degustaci\u00f3n de tamales, con la participaci\u00f3n de funcionarios y directivos del Ayuntamiento de Colima, as\u00ed como la fotograf\u00eda oficial con la presentaci\u00f3n del cartel.<\/p>\n","protected":false},"excerpt":{"rendered":"<p>*Se llevar\u00e1 a cabo del 31 de enero al 2 de febrero en el jard\u00edn de San Francisco. *El Ayuntamiento de Colima presentar\u00e1 espect\u00e1culos y shows familiarmente amigables, afirm\u00f3 la alcaldesa capitalina. Al presentar el Cartel del Festival del Tamal y el Atole en su Edici\u00f3n No. 13\u00b0, la presidenta municipal de Colima, Margarita Moreno&#8230;<\/p>\n","protected":false},"author":2,"featured_media":29429,"comment_status":"open","ping_status":"open","sticky":false,"template":"","format":"standard","meta":{"footnotes":""},"categories":[36,8],"tags":[29,30,28],"class_list":["post-29428","post","type-post","status-publish","format-standard","has-post-thumbnail","hentry","category-colima","category-municipios","tag-grid","tag-news","tag-slider"],"_links":{"self":[{"href":"http:\/\/elobservatorio.com.mx\/index.php?rest_route=\/wp\/v2\/posts\/29428"}],"collection":[{"href":"http:\/\/elobservatorio.com.mx\/index.php?rest_route=\/wp\/v2\/posts"}],"about":[{"href":"http:\/\/elobservatorio.com.mx\/index.php?rest_route=\/wp\/v2\/types\/post"}],"author":[{"embeddable":true,"href":"http:\/\/elobservatorio.com.mx\/index.php?rest_route=\/wp\/v2\/users\/2"}],"replies":[{"embeddable":true,"href":"http:\/\/elobservatorio.com.mx\/index.php?rest_route=%2Fwp%2Fv2%2Fcomments&post=29428"}],"version-history":[{"count":1,"href":"http:\/\/elobservatorio.com.mx\/index.php?rest_route=\/wp\/v2\/posts\/29428\/revisions"}],"predecessor-version":[{"id":29430,"href":"http:\/\/elobservatorio.com.mx\/index.php?rest_route=\/wp\/v2\/posts\/29428\/revisions\/29430"}],"wp:featuredmedia":[{"embeddable":true,"href":"http:\/\/elobservatorio.com.mx\/index.php?rest_route=\/wp\/v2\/media\/29429"}],"wp:attachment":[{"href":"http:\/\/elobservatorio.com.mx\/index.php?rest_route=%2Fwp%2Fv2%2Fmedia&parent=29428"}],"wp:term":[{"taxonomy":"category","embeddable":true,"href":"http:\/\/elobservatorio.com.mx\/index.php?rest_route=%2Fwp%2Fv2%2Fcategories&post=29428"},{"taxonomy":"post_tag","embeddable":true,"href":"http:\/\/elobservatorio.com.mx\/index.php?rest_route=%2Fwp%2Fv2%2Ftags&post=29428"}],"curies":[{"name":"wp","href":"https:\/\/api.w.org\/{rel}","templated":true}]}}