{"id":29431,"date":"2024-01-22T23:28:49","date_gmt":"2024-01-23T05:28:49","guid":{"rendered":"https:\/\/elobservatorio.com.mx\/?p=29431"},"modified":"2024-01-22T23:28:49","modified_gmt":"2024-01-23T05:28:49","slug":"apoyamos-la-incorporacion-de-jovenes-a-la-vida-laboral-gaby-mejia","status":"publish","type":"post","link":"http:\/\/elobservatorio.com.mx\/?p=29431","title":{"rendered":"Apoyamos la incorporaci\u00f3n de j\u00f3venes a la vida laboral: Gaby Mej\u00eda"},"content":{"rendered":"<p class=\"x_gmail-MsoNoSpacing\"><i>*Presidi\u00f3 la Reuni\u00f3n del Comit\u00e9 T\u00e9cnico Consultivo de Vinculaci\u00f3n con el sector productivo del CETis 157.<\/i><\/p>\n<p class=\"x_gmail-MsoNoSpacing\"><b><i>\u00a0<\/i><\/b>La presidenta municipal de Cuauht\u00e9moc, Gabriela Mej\u00eda Mart\u00ednez, afirm\u00f3 que su administraci\u00f3n seguir\u00e1 respaldando las acciones de apoyo a los j\u00f3venes que buscan desde temprana edad, incorporarse a la vida laboral y\/o seguir adelante con una carrera profesional; pues ello les permite adquirir los conocimientos y habilidades para un desarrollo pleno en todos los \u00e1mbitos.<\/p>\n<p class=\"x_gmail-MsoNoSpacing\">Lo anterior, al presidir la Tercera Reuni\u00f3n Ordinaria del Comit\u00e9 T\u00e9cnico Consultivo de Vinculaci\u00f3n con el sector productivo del CETis 157, cuyo director, Arturo Michel Monroy, agradeci\u00f3 a la alcaldesa el respaldo que siempre ha brindado a este plantel educativo.<\/p>\n<p class=\"x_gmail-MsoNoSpacing\">Mej\u00eda Mart\u00ednez felicit\u00f3 a los estudiantes que participan en el Modelo de Educaci\u00f3n Dual, y explic\u00f3 que muchas veces los j\u00f3venes se preparan en una carrera profesional con sue\u00f1os y aspiraciones que luego se truncan porque al buscar trabajo no hay los espacios, se pide experiencia que a\u00fan no tienen, o los salarios no son los que se espera y ello genera desilusi\u00f3n.<\/p>\n<p class=\"x_gmail-MsoNoSpacing\">En ese contexto, remarc\u00f3 la importancia de este modelo que se genera en el CETis 157, \u201ccomo autoridades seguiremos apoyando este tipo de proyectos que requieren del esfuerzo y compromiso de todos; de nosotros como autoridades, de los estudiantes, empresarios, instituciones y del sector productivo, pues con ello lograremos mejores resultados\u201d.<\/p>\n<p class=\"x_gmail-MsoNoSpacing\">En esta reuni\u00f3n, en la que tambi\u00e9n estuvo presente el diputado federal, Riult Rivera; se explic\u00f3 que los acuerdos tomados en este \u00f3rgano colegiado son de gran relevancia e impacto positivo para la comunidad escolar, para el municipio y para el estado, pues a los alumnos les permite estudiar y adquirir experiencia laboral.<\/p>\n<p class=\"x_gmail-MsoNoSpacing\">Por su parte, las empresas capacitan a los j\u00f3venes para resolver situaciones directas de cada una de ellas y la sociedad obtiene ciudadanos m\u00e1s comprometidos que apuestan tambi\u00e9n por el desarrollo de su comunidad.<\/p>\n","protected":false},"excerpt":{"rendered":"<p>*Presidi\u00f3 la Reuni\u00f3n del Comit\u00e9 T\u00e9cnico Consultivo de Vinculaci\u00f3n con el sector productivo del CETis 157. \u00a0La presidenta municipal de Cuauht\u00e9moc, Gabriela Mej\u00eda Mart\u00ednez, afirm\u00f3 que su administraci\u00f3n seguir\u00e1 respaldando las acciones de apoyo a los j\u00f3venes que buscan desde temprana edad, incorporarse a la vida laboral y\/o seguir adelante con una carrera profesional; pues&#8230;<\/p>\n","protected":false},"author":2,"featured_media":29432,"comment_status":"open","ping_status":"open","sticky":false,"template":"","format":"standard","meta":{"footnotes":""},"categories":[40,8],"tags":[29,30,28],"class_list":["post-29431","post","type-post","status-publish","format-standard","has-post-thumbnail","hentry","category-cuauhtemoc","category-municipios","tag-grid","tag-news","tag-slider"],"_links":{"self":[{"href":"http:\/\/elobservatorio.com.mx\/index.php?rest_route=\/wp\/v2\/posts\/29431"}],"collection":[{"href":"http:\/\/elobservatorio.com.mx\/index.php?rest_route=\/wp\/v2\/posts"}],"about":[{"href":"http:\/\/elobservatorio.com.mx\/index.php?rest_route=\/wp\/v2\/types\/post"}],"author":[{"embeddable":true,"href":"http:\/\/elobservatorio.com.mx\/index.php?rest_route=\/wp\/v2\/users\/2"}],"replies":[{"embeddable":true,"href":"http:\/\/elobservatorio.com.mx\/index.php?rest_route=%2Fwp%2Fv2%2Fcomments&post=29431"}],"version-history":[{"count":1,"href":"http:\/\/elobservatorio.com.mx\/index.php?rest_route=\/wp\/v2\/posts\/29431\/revisions"}],"predecessor-version":[{"id":29433,"href":"http:\/\/elobservatorio.com.mx\/index.php?rest_route=\/wp\/v2\/posts\/29431\/revisions\/29433"}],"wp:featuredmedia":[{"embeddable":true,"href":"http:\/\/elobservatorio.com.mx\/index.php?rest_route=\/wp\/v2\/media\/29432"}],"wp:attachment":[{"href":"http:\/\/elobservatorio.com.mx\/index.php?rest_route=%2Fwp%2Fv2%2Fmedia&parent=29431"}],"wp:term":[{"taxonomy":"category","embeddable":true,"href":"http:\/\/elobservatorio.com.mx\/index.php?rest_route=%2Fwp%2Fv2%2Fcategories&post=29431"},{"taxonomy":"post_tag","embeddable":true,"href":"http:\/\/elobservatorio.com.mx\/index.php?rest_route=%2Fwp%2Fv2%2Ftags&post=29431"}],"curies":[{"name":"wp","href":"https:\/\/api.w.org\/{rel}","templated":true}]}}