{"id":29468,"date":"2024-01-24T23:00:58","date_gmt":"2024-01-25T05:00:58","guid":{"rendered":"https:\/\/elobservatorio.com.mx\/?p=29468"},"modified":"2024-01-24T23:00:58","modified_gmt":"2024-01-25T05:00:58","slug":"rector-y-funcionarios-estatales-dan-seguimiento-a-proyectos-conjuntos","status":"publish","type":"post","link":"http:\/\/elobservatorio.com.mx\/?p=29468","title":{"rendered":"Rector y funcionarios estatales dan seguimiento a proyectos conjuntos"},"content":{"rendered":"<p>Este mi\u00e9rcoles, el Dr. Christian Jorge Torres Ortiz Zerme\u00f1o, rector de la Universidad de Colima, en compa\u00f1\u00eda de funcionarios y funcionarias de la casa de estudios, se reuni\u00f3 en las instalaciones de los laboratorios de Agrobiotecnolog\u00eda y el Anecoico, con Francisco Rodr\u00edguez, secretario de Desarrollo Econ\u00f3mico; Marisol Neri, secretaria de Infraestructura, Desarrollo Urbano y Movilidad y Jos\u00e9 Manuel Zatarain, en representaci\u00f3n de la Secretar\u00eda de Seguridad P\u00fablica, con la finalidad de dar seguimiento a diversas acciones que coordinadamente trabajan esta casa de estudios y el Gobierno del Estado.<\/p>\n<p>&nbsp;<\/p>\n","protected":false},"excerpt":{"rendered":"<p>Este mi\u00e9rcoles, el Dr. Christian Jorge Torres Ortiz Zerme\u00f1o, rector de la Universidad de Colima, en compa\u00f1\u00eda de funcionarios y funcionarias de la casa de estudios, se reuni\u00f3 en las instalaciones de los laboratorios de Agrobiotecnolog\u00eda y el Anecoico, con Francisco Rodr\u00edguez, secretario de Desarrollo Econ\u00f3mico; Marisol Neri, secretaria de Infraestructura, Desarrollo Urbano y Movilidad&#8230;<\/p>\n","protected":false},"author":2,"featured_media":29469,"comment_status":"open","ping_status":"open","sticky":false,"template":"","format":"standard","meta":{"footnotes":""},"categories":[19],"tags":[29,30,28],"class_list":["post-29468","post","type-post","status-publish","format-standard","has-post-thumbnail","hentry","category-fotonotas","tag-grid","tag-news","tag-slider"],"_links":{"self":[{"href":"http:\/\/elobservatorio.com.mx\/index.php?rest_route=\/wp\/v2\/posts\/29468"}],"collection":[{"href":"http:\/\/elobservatorio.com.mx\/index.php?rest_route=\/wp\/v2\/posts"}],"about":[{"href":"http:\/\/elobservatorio.com.mx\/index.php?rest_route=\/wp\/v2\/types\/post"}],"author":[{"embeddable":true,"href":"http:\/\/elobservatorio.com.mx\/index.php?rest_route=\/wp\/v2\/users\/2"}],"replies":[{"embeddable":true,"href":"http:\/\/elobservatorio.com.mx\/index.php?rest_route=%2Fwp%2Fv2%2Fcomments&post=29468"}],"version-history":[{"count":1,"href":"http:\/\/elobservatorio.com.mx\/index.php?rest_route=\/wp\/v2\/posts\/29468\/revisions"}],"predecessor-version":[{"id":29470,"href":"http:\/\/elobservatorio.com.mx\/index.php?rest_route=\/wp\/v2\/posts\/29468\/revisions\/29470"}],"wp:featuredmedia":[{"embeddable":true,"href":"http:\/\/elobservatorio.com.mx\/index.php?rest_route=\/wp\/v2\/media\/29469"}],"wp:attachment":[{"href":"http:\/\/elobservatorio.com.mx\/index.php?rest_route=%2Fwp%2Fv2%2Fmedia&parent=29468"}],"wp:term":[{"taxonomy":"category","embeddable":true,"href":"http:\/\/elobservatorio.com.mx\/index.php?rest_route=%2Fwp%2Fv2%2Fcategories&post=29468"},{"taxonomy":"post_tag","embeddable":true,"href":"http:\/\/elobservatorio.com.mx\/index.php?rest_route=%2Fwp%2Fv2%2Ftags&post=29468"}],"curies":[{"name":"wp","href":"https:\/\/api.w.org\/{rel}","templated":true}]}}