{"id":29486,"date":"2024-01-25T01:23:34","date_gmt":"2024-01-25T07:23:34","guid":{"rendered":"https:\/\/elobservatorio.com.mx\/?p=29486"},"modified":"2024-01-25T01:25:42","modified_gmt":"2024-01-25T07:25:42","slug":"los-originales-yonics-los-strwck-y-18-grupos-mas-estaran-en-teleton-musical-por-mis-protesis","status":"publish","type":"post","link":"http:\/\/elobservatorio.com.mx\/?p=29486","title":{"rendered":"Los originales Yonic\u00b4s, Los Strwck y 18 grupos m\u00e1s estar\u00e1n en Telet\u00f3n musical \u00abPor mi protesis\u00bb"},"content":{"rendered":"<p>Este 18 de febrero se llevar\u00e1 a cabo el Telet\u00f3n Musical \u00abPor mis protesis\u00bb, que tiene la finalidad de recabar fondos y reunir la cantidad de\u00a0 120 mil pesos\u00a0 para comprar una protesis que requiere para volver a caminar,\u00a0 quien por muchos a\u00f1os fuera locutor de radio, <strong>Antonio Mart\u00ednez G\u00f3mez<\/strong><\/p>\n<p>En rueda de prensa, se dio a conocer que el evento se llevar\u00e1 a cabo el domingo 18 de febrero en las instalaciones de la Plaza de Toros la Candelaria de Tecom\u00e1n, el cual arrancar\u00e1 a las 4 de la tarde hasta las dos de la ma\u00f1ana, habr\u00e1 tambi\u00e9n un jaripeo a cargo de la ganader\u00eda de don <strong>Germ\u00e1n V\u00e1ldez<\/strong>, en el escenario estar\u00e1n los siguientes grupos musicales, Los Yonic\u00b4s de Jhony Aymar Catal\u00e1n \u00abel Aguila Mayor\u00bb, Ram\u00f3n Crisostomo vocalista de Peque\u00f1os Musical, Los Caminantes, Los Cadetes de Linares, Los Strwck, La Revoluci\u00f3n de Emiliano Zapata, El Gazconcillo (Hijo de Jos\u00e9 Luis Gazc\u00f3n), La Migra, Los Due\u00f1os del Sol, Los Dinnos de Ciudad Guzm\u00e1n Jalisco, adem\u00e1s de grupos locales como Palomares Musical<\/p>\n<p>El costo del boleto ser\u00e1 de cincuenta pesos y estar\u00e1n disponible en los pasillos de la presidencia municipal y en lugares que se dar\u00e1n a conocer en plataformas de redes sociales, ser\u00e1 un cobro simb\u00f3lico porque es para una noble causa y no para lucrar con el evento, sino que se puedan recabar la cantidad antes mencionada para adquirir dicha protesis<\/p>\n<p>En la rueda de prensa estuviero Antonio Mart\u00ednez, organizador del evento, el promotor artistico y musical, Max Cuevas, la gestora social y abogada Lupita Angulo, Ricardo Palomares, coordinador de grupos locales, as\u00ed como Ricardo C. Tinoco, representante legal de los Yonic\u00b4s de Jhony Aymar Catal\u00e1n \u00abel Aguila Mayor\u00bb.<\/p>\n<p>&nbsp;<\/p>\n<p>&nbsp;<\/p>\n<p>&nbsp;<\/p>\n<p>&nbsp;<\/p>\n<p>&nbsp;<\/p>\n","protected":false},"excerpt":{"rendered":"<p>Este 18 de febrero se llevar\u00e1 a cabo el Telet\u00f3n Musical \u00abPor mis protesis\u00bb, que tiene la finalidad de recabar fondos y reunir la cantidad de\u00a0 120 mil pesos\u00a0 para comprar una protesis que requiere para volver a caminar,\u00a0 quien por muchos a\u00f1os fuera locutor de radio, Antonio Mart\u00ednez G\u00f3mez En rueda de prensa, se&#8230;<\/p>\n","protected":false},"author":2,"featured_media":29487,"comment_status":"open","ping_status":"open","sticky":false,"template":"","format":"standard","meta":{"footnotes":""},"categories":[32],"tags":[29,30,28],"class_list":["post-29486","post","type-post","status-publish","format-standard","has-post-thumbnail","hentry","category-escenario","tag-grid","tag-news","tag-slider"],"_links":{"self":[{"href":"http:\/\/elobservatorio.com.mx\/index.php?rest_route=\/wp\/v2\/posts\/29486"}],"collection":[{"href":"http:\/\/elobservatorio.com.mx\/index.php?rest_route=\/wp\/v2\/posts"}],"about":[{"href":"http:\/\/elobservatorio.com.mx\/index.php?rest_route=\/wp\/v2\/types\/post"}],"author":[{"embeddable":true,"href":"http:\/\/elobservatorio.com.mx\/index.php?rest_route=\/wp\/v2\/users\/2"}],"replies":[{"embeddable":true,"href":"http:\/\/elobservatorio.com.mx\/index.php?rest_route=%2Fwp%2Fv2%2Fcomments&post=29486"}],"version-history":[{"count":2,"href":"http:\/\/elobservatorio.com.mx\/index.php?rest_route=\/wp\/v2\/posts\/29486\/revisions"}],"predecessor-version":[{"id":29489,"href":"http:\/\/elobservatorio.com.mx\/index.php?rest_route=\/wp\/v2\/posts\/29486\/revisions\/29489"}],"wp:featuredmedia":[{"embeddable":true,"href":"http:\/\/elobservatorio.com.mx\/index.php?rest_route=\/wp\/v2\/media\/29487"}],"wp:attachment":[{"href":"http:\/\/elobservatorio.com.mx\/index.php?rest_route=%2Fwp%2Fv2%2Fmedia&parent=29486"}],"wp:term":[{"taxonomy":"category","embeddable":true,"href":"http:\/\/elobservatorio.com.mx\/index.php?rest_route=%2Fwp%2Fv2%2Fcategories&post=29486"},{"taxonomy":"post_tag","embeddable":true,"href":"http:\/\/elobservatorio.com.mx\/index.php?rest_route=%2Fwp%2Fv2%2Ftags&post=29486"}],"curies":[{"name":"wp","href":"https:\/\/api.w.org\/{rel}","templated":true}]}}