{"id":29494,"date":"2024-01-30T21:54:56","date_gmt":"2024-01-31T03:54:56","guid":{"rendered":"https:\/\/elobservatorio.com.mx\/?p=29494"},"modified":"2024-01-30T21:54:56","modified_gmt":"2024-01-31T03:54:56","slug":"iee-colima-aprueba-topes-de-gastos-de-campana-para-diputaciones-y-ayuntamientos","status":"publish","type":"post","link":"http:\/\/elobservatorio.com.mx\/?p=29494","title":{"rendered":"IEE Colima aprueba topes de gastos de campa\u00f1a para diputaciones y ayuntamientos"},"content":{"rendered":"<p><em>*Adem\u00e1s reasignaci\u00f3n presupuestal 2024 y diferentes puntos relativos al Proceso Electoral Local 2023-2024<\/em><\/p>\n<p><em>*Tambi\u00e9n se design\u00f3 a la Universidad de Colima como ente auditor del sistema inform\u00e1tico para la operaci\u00f3n del PREP;<\/em> <em>fueron aprobados informes trimestrales, informes anuales y programas anuales de trabajo 2024 de las Comisiones del Consejo General; y desahogadas consultas formuladas por los partidos pol\u00edticos.\u00a0 <\/em><\/p>\n<p>El \u00d3rgano Superior de Direcci\u00f3n del Instituto Electoral del Estado de Colima (IEE) aprob\u00f3 este martes 30 de enero, durante la Octava Sesi\u00f3n Ordinaria del Proceso Electoral Local (PEL) 2023-2024, el acuerdo relativo a la determinaci\u00f3n de los topes de gastos de campa\u00f1a para las elecciones de diputaciones locales y ayuntamientos de la entidad rumbo a las elecciones del pr\u00f3ximo domingo 02 de junio, as\u00ed como la reasignaci\u00f3n presupuestal 2024 tras el recorte financiero que hizo el Congreso del Estado al \u00f3rgano electoral local.<\/p>\n<p>El primer punto se dio conforme a las reglas establecidas en el C\u00f3digo Electoral del Estado. Para el caso de las diputaciones, seg\u00fan el distrito de que se trate: multiplicando el n\u00famero de electores del Padr\u00f3n Electoral, por un tercio del valor diario de la Unidad de Medida y Actualizaci\u00f3n. Para ayuntamientos, el tope m\u00e1ximo para cada planilla de candidaturas, ser\u00e1 el determinado para el municipio que corresponda: multiplicando el n\u00famero de electores del Padr\u00f3n Electoral del municipio respectivo, por un tercio del valor diario de la Unidad de Medida y Actualizaci\u00f3n.<\/p>\n<p>Derivado de lo anterior, el Consejo General aprob\u00f3 el tope de gastos de campa\u00f1a al que habr\u00e1n de sujetarse los partidos pol\u00edticos y candidaturas independientes, en su caso, para la elecci\u00f3n de integrantes de las Diputaciones locales y los Ayuntamientos, de la siguiente manera:<\/p>\n<p><strong>TOPE DE GASTOS DE CAMPA\u00d1A PARA<\/strong> <strong>LA ELECCI\u00d3N DE DIPUTACIONES<\/strong><\/p>\n<p>&nbsp;<\/p>\n<table width=\"588\">\n<tbody>\n<tr>\n<td width=\"113\"><strong>DISTRITO<\/strong><\/td>\n<td width=\"151\"><strong>MUNICIPIO<\/strong><\/td>\n<td width=\"126\"><strong>CIUDADAN\u00cdA INSCRITA EN EL PADR\u00d3N ELECTORAL<\/strong><\/td>\n<td width=\"85\"><strong>UN TERCIO DE LA UMA ($108.57)<\/strong><\/td>\n<td width=\"113\"><strong>IMPORTE DE TOPES DE GASTOS DE CAMPA\u00d1A<\/strong><\/td>\n<\/tr>\n<tr>\n<td width=\"113\"><strong>01<\/strong><\/td>\n<td width=\"151\">Colima<\/td>\n<td width=\"126\">40,297<\/td>\n<td width=\"85\">$36.19<\/td>\n<td width=\"113\">$1\u00b4458,348.00<\/td>\n<\/tr>\n<tr>\n<td width=\"113\"><strong>02<\/strong><\/td>\n<td width=\"151\">Colima<\/td>\n<td width=\"126\">40,872<\/td>\n<td width=\"85\">$36.19<\/td>\n<td width=\"113\">$1\u00b4479,158.00<\/td>\n<\/tr>\n<tr>\n<td width=\"113\"><strong>03<\/strong><\/td>\n<td width=\"151\">Colima<\/td>\n<td width=\"126\">38,360<\/td>\n<td width=\"85\">$36.19<\/td>\n<td width=\"113\">$1\u00b4388,248.00<\/td>\n<\/tr>\n<tr>\n<td width=\"113\"><strong>04<\/strong><\/td>\n<td width=\"151\">Villa de \u00c1lvarez-Comala<\/td>\n<td width=\"126\">37,888<\/td>\n<td width=\"85\">$36.19<\/td>\n<td width=\"113\">$1\u00b4371,167.00<\/td>\n<\/tr>\n<tr>\n<td width=\"113\"><strong>05<\/strong><\/td>\n<td width=\"151\">Villa de \u00c1lvarez-Coquimatl\u00e1n<\/td>\n<td width=\"126\">36,401<\/td>\n<td width=\"85\">$36.19<\/td>\n<td width=\"113\">$1\u00b4317,352.00<\/td>\n<\/tr>\n<tr>\n<td width=\"113\"><strong>06<\/strong><\/td>\n<td width=\"151\">Colima-Cuauht\u00e9moc<\/td>\n<td width=\"126\">39,696<\/td>\n<td width=\"85\">$36.19<\/td>\n<td width=\"113\">$1\u00b4436,598.00<\/td>\n<\/tr>\n<tr>\n<td width=\"113\"><strong>07<\/strong><\/td>\n<td width=\"151\">Villa de \u00c1lvarez<\/td>\n<td width=\"126\">39,470<\/td>\n<td width=\"85\">$36.19<\/td>\n<td width=\"113\">$1\u00b4428,419.00<\/td>\n<\/tr>\n<tr>\n<td width=\"113\"><strong>08<\/strong><\/td>\n<td width=\"151\">Villa de \u00c1lvarez<\/td>\n<td width=\"126\">35,767<\/td>\n<td width=\"85\">$36.19<\/td>\n<td width=\"113\">$1\u00b4294,408.00<\/td>\n<\/tr>\n<tr>\n<td width=\"113\"><strong>09<\/strong><\/td>\n<td width=\"151\">Manzanillo-Armer\u00eda<\/td>\n<td width=\"126\">39,742<\/td>\n<td width=\"85\">$36.19<\/td>\n<td width=\"113\">$1\u00b4438,263.00<\/td>\n<\/tr>\n<tr>\n<td width=\"113\"><strong>10<\/strong><\/td>\n<td width=\"151\">Tecom\u00e1n<\/td>\n<td width=\"126\">31,044<\/td>\n<td width=\"85\">$36.19<\/td>\n<td width=\"113\">$1\u00b4123,482.00<\/td>\n<\/tr>\n<tr>\n<td width=\"113\"><strong>11<\/strong><\/td>\n<td width=\"151\">Manzanillo<\/td>\n<td width=\"126\">34,736<\/td>\n<td width=\"85\">$36.19<\/td>\n<td width=\"113\">$1\u00b4257,096.00<\/td>\n<\/tr>\n<tr>\n<td width=\"113\"><strong>12<\/strong><\/td>\n<td width=\"151\">Manzanillo<\/td>\n<td width=\"126\">33,168<\/td>\n<td width=\"85\">$36.19<\/td>\n<td width=\"113\">$1\u00b4200,350.00<\/td>\n<\/tr>\n<tr>\n<td width=\"113\"><strong>13<\/strong><\/td>\n<td width=\"151\">Manzanillo<\/td>\n<td width=\"126\">36,303<\/td>\n<td width=\"85\">$36.19<\/td>\n<td width=\"113\">$1\u00b4313,806.00<\/td>\n<\/tr>\n<tr>\n<td width=\"113\"><strong>14<\/strong><\/td>\n<td width=\"151\">Manzanillo-Minatitl\u00e1n<\/td>\n<td width=\"126\">38,529<\/td>\n<td width=\"85\">$36.19<\/td>\n<td width=\"113\">$1\u00b4394,365.00<\/td>\n<\/tr>\n<tr>\n<td width=\"113\"><strong>15<\/strong><\/td>\n<td width=\"151\">Tecom\u00e1n<\/td>\n<td width=\"126\">30,994<\/td>\n<td width=\"85\">$36.19<\/td>\n<td width=\"113\">$1\u00b4121,673.00<\/td>\n<\/tr>\n<tr>\n<td width=\"113\"><strong>16<\/strong><\/td>\n<td width=\"151\">Tecom\u00e1n-Ixtlahuac\u00e1n<\/td>\n<td width=\"126\">31,941<\/td>\n<td width=\"85\">$36.19<\/td>\n<td width=\"113\">$1\u00b4155,945.00<\/td>\n<\/tr>\n<tr>\n<td colspan=\"2\" width=\"264\"><strong>SUMA<\/strong><\/td>\n<td width=\"126\"><strong>585,208<\/strong><\/td>\n<td width=\"85\"><strong>&#8212;&#8211;<\/strong><\/td>\n<td width=\"113\"><strong>$21\u00b4178,678.00<\/strong><\/td>\n<\/tr>\n<\/tbody>\n<\/table>\n<p><strong>\u00a0<\/strong><\/p>\n<p><strong>\u00a0<\/strong><\/p>\n<p><strong>TOPE DE GASTOS DE CAMPA\u00d1A DE AYUNTAMIENTOS<\/strong><\/p>\n<p>&nbsp;<\/p>\n<table width=\"496\">\n<tbody>\n<tr>\n<td width=\"127\"><strong>MUNICIPIO<\/strong><\/td>\n<td width=\"166\"><strong>CIUDADAN\u00cdA INSCRITA EN EL PADR\u00d3N ELECTORAL<\/strong><\/td>\n<td width=\"85\"><strong>UN TERCIO DE LA UMA ($108.57)<\/strong><\/td>\n<td width=\"117\"><strong>IMPORTE DE TOPES DE GASTOS DE CAMPA\u00d1A<\/strong><\/td>\n<\/tr>\n<tr>\n<td width=\"127\">Armer\u00eda<\/td>\n<td width=\"166\">22,245<\/td>\n<td width=\"85\">$36.19<\/td>\n<td width=\"117\">$805,047.00<\/td>\n<\/tr>\n<tr>\n<td width=\"127\">Colima<\/td>\n<td width=\"166\">134,274<\/td>\n<td width=\"85\">$36.19<\/td>\n<td width=\"117\">$4\u00b4859,376.00<\/td>\n<\/tr>\n<tr>\n<td width=\"127\">Comala<\/td>\n<td width=\"166\">18,120<\/td>\n<td width=\"85\">$36.19<\/td>\n<td width=\"117\">$655,763.00<\/td>\n<\/tr>\n<tr>\n<td width=\"127\">Coquimatl\u00e1n<\/td>\n<td width=\"166\">17,095<\/td>\n<td width=\"85\">$36.19<\/td>\n<td width=\"117\">$618,668.00<\/td>\n<\/tr>\n<tr>\n<td width=\"127\">Cuauht\u00e9moc<\/td>\n<td width=\"166\">24,951<\/td>\n<td width=\"85\">$36.19<\/td>\n<td width=\"117\">$902,977.00<\/td>\n<\/tr>\n<tr>\n<td width=\"127\">Ixtlahuac\u00e1n<\/td>\n<td width=\"166\">5,367<\/td>\n<td width=\"85\">$36.19<\/td>\n<td width=\"117\">$194,232.00<\/td>\n<\/tr>\n<tr>\n<td width=\"127\">Manzanillo<\/td>\n<td width=\"166\">151,767<\/td>\n<td width=\"85\">$36.19<\/td>\n<td width=\"117\">$5\u00b4492,448.00<\/td>\n<\/tr>\n<tr>\n<td width=\"127\">Minatitl\u00e1n<\/td>\n<td width=\"166\">8,466<\/td>\n<td width=\"85\">$36.19<\/td>\n<td width=\"117\">$306,385.00<\/td>\n<\/tr>\n<tr>\n<td width=\"127\">Tecom\u00e1n<\/td>\n<td width=\"166\">88,612<\/td>\n<td width=\"85\">$36.19<\/td>\n<td width=\"117\">$3\u00b4206,868.00<\/td>\n<\/tr>\n<tr>\n<td width=\"127\">Villa de \u00c1lvarez<\/td>\n<td width=\"166\">114,311<\/td>\n<td width=\"85\">$36.19<\/td>\n<td width=\"117\">$4\u00b4136,915.00<\/td>\n<\/tr>\n<tr>\n<td width=\"127\"><strong>TOTAL<\/strong><\/td>\n<td width=\"166\"><strong>585,208<\/strong><\/td>\n<td width=\"85\"><strong>&#8212;&#8212;-<\/strong><\/td>\n<td width=\"117\"><strong>$21\u00b4178,678.00<\/strong><\/td>\n<\/tr>\n<\/tbody>\n<\/table>\n<p>&nbsp;<\/p>\n<p>Por otro lado, el Consejo General determin\u00f3 asignar como Presupuesto de Ingresos del Instituto Electoral del Estado correspondiente al Ejercicio Fiscal 2024, aprobado por el H. Congreso del Estado, la cantidad de $155\u2019051,474.00 (Ciento cincuenta y cinco millones cincuenta y un mil cuatrocientos setenta y cuatro pesos 00\/100), que s\u00f3lo da cobertura hasta el mes de octubre de este a\u00f1o, de conformidad con las necesidades de este Instituto para el cumplimiento de los fines que tiene encomendados por mandato constitucional y legal.<\/p>\n<p>Cabe destacar que del total, la cantidad de $60\u2019771,126.00 (Sesenta millones setecientos setenta y un mil ciento veintis\u00e9is pesos 00\/100 M.N), es decir, el 39.19%, corresponde al Financiamiento P\u00fablico Ordinario a Partidos Pol\u00edticos, quedando disponible para gasto operativo del Instituto $94\u2019280,348.00 (Noventa y cuatro millones doscientos ochenta mil trescientos cuarenta y ocho pesos 00\/100 MN) equivalente al 60.81% del presupuesto global necesario para esta Instituci\u00f3n.<\/p>\n<p>Es as\u00ed que toda vez que el presupuesto aprobado al Instituto para el ejercicio fiscal 2024 por parte del Congreso, mediante Decreto n\u00famero 383, es menor al originalmente solicitado, se ponen en grave riesgo los trabajos, actividades y funcionamiento operativo de esta instituci\u00f3n y se advierte la imposibilidad en el cumplimiento de los trabajos y fines que le encomiendan la Constituci\u00f3n Federal, la Ley General de Instituciones y Procedimientos Electorales, la Ley General de Partidos Pol\u00edticos, la Constituci\u00f3n Local, el C\u00f3digo Electoral del Estado y dem\u00e1s ordenamientos legales aplicables.<\/p>\n<p>Durante la sesi\u00f3n referida tambi\u00e9n fueron presentados los Informes que rinden las Comisiones de Administraci\u00f3n, Prerrogativas y Partidos Pol\u00edticos; Asuntos Jur\u00eddicos; Capacitaci\u00f3n Electoral y Educaci\u00f3n C\u00edvica; Editorial y Medios de Comunicaci\u00f3n; Organizaci\u00f3n Electoral; e Igualdad y Perspectiva de G\u00e9nero y No Discriminaci\u00f3n, correspondientes al cuarto trimestre de la anualidad anterior.<\/p>\n<p>Asimismo, en otros puntos del Orden del D\u00eda, fueron presentados los Informes Anuales de Actividades del ejercicio 2023 y aprobados los Programas Anuales de Trabajo 2024 de las mismas comisiones citadas; adem\u00e1s se present\u00f3 el Informe Final del Monitoreo de los programas de radio y televisi\u00f3n durante las Precampa\u00f1as del Proceso Electoral Local 2023-2024.<\/p>\n<p>De igual forma este martes se autoriz\u00f3 a la Presidenta del IEE suscribir Convenio de Colaboraci\u00f3n con la Asociaci\u00f3n Mexicana de Consejeras Estatales Electorales (AMCEE); se aprob\u00f3 el Dictamen T\u00e9cnico de fiscalizaci\u00f3n, manejo y uso de ejercicio presupuestal respecto de la Cuenta P\u00fablica 2022 del Instituto emitido por el titular del \u00d3rgano Interno de Control de este organismo; y fueron desahogadas las consultas que por separado formularon el Partido Acci\u00f3n Nacional y el Partido de la Revoluci\u00f3n Democr\u00e1tica.<\/p>\n<p>En otros puntos m\u00e1s, se aprob\u00f3 la designaci\u00f3n de la Universidad de Colima como entre auditor del sistema inform\u00e1tico para la operaci\u00f3n del Programa de Resultados Electorales Preliminares (PREP); y el acuerdo por el que se instruye a los Consejos Distritales o Municipales, seg\u00fan corresponda, para supervisar las actividades relacionadas con el dise\u00f1o, implementaci\u00f3n y operaci\u00f3n del PREP en los Centros de Acopio y Transmisi\u00f3n de Datos (CATD) y, en su caso, Centro de Captura y Verificaci\u00f3n (CCV).<\/p>\n<p>Adem\u00e1s se aprobaron actas pasadas y la Secretar\u00eda Ejecutiva present\u00f3 el Informe respecto de encuestas por muestreo, sondeos de opini\u00f3n, encuestas de salida y\/o conteos r\u00e1pidos no institucionales durante el actual proceso electoral.<\/p>\n<p>&nbsp;<\/p>\n<p>&nbsp;<\/p>\n<p>&nbsp;<\/p>\n<p>&nbsp;<\/p>\n","protected":false},"excerpt":{"rendered":"<p>*Adem\u00e1s reasignaci\u00f3n presupuestal 2024 y diferentes puntos relativos al Proceso Electoral Local 2023-2024 *Tambi\u00e9n se design\u00f3 a la Universidad de Colima como ente auditor del sistema inform\u00e1tico para la operaci\u00f3n del PREP; fueron aprobados informes trimestrales, informes anuales y programas anuales de trabajo 2024 de las Comisiones del Consejo General; y desahogadas consultas formuladas por&#8230;<\/p>\n","protected":false},"author":2,"featured_media":29495,"comment_status":"open","ping_status":"open","sticky":false,"template":"","format":"standard","meta":{"footnotes":""},"categories":[61],"tags":[29,30,28],"class_list":["post-29494","post","type-post","status-publish","format-standard","has-post-thumbnail","hentry","category-elecciones-2024","tag-grid","tag-news","tag-slider"],"_links":{"self":[{"href":"http:\/\/elobservatorio.com.mx\/index.php?rest_route=\/wp\/v2\/posts\/29494"}],"collection":[{"href":"http:\/\/elobservatorio.com.mx\/index.php?rest_route=\/wp\/v2\/posts"}],"about":[{"href":"http:\/\/elobservatorio.com.mx\/index.php?rest_route=\/wp\/v2\/types\/post"}],"author":[{"embeddable":true,"href":"http:\/\/elobservatorio.com.mx\/index.php?rest_route=\/wp\/v2\/users\/2"}],"replies":[{"embeddable":true,"href":"http:\/\/elobservatorio.com.mx\/index.php?rest_route=%2Fwp%2Fv2%2Fcomments&post=29494"}],"version-history":[{"count":1,"href":"http:\/\/elobservatorio.com.mx\/index.php?rest_route=\/wp\/v2\/posts\/29494\/revisions"}],"predecessor-version":[{"id":29496,"href":"http:\/\/elobservatorio.com.mx\/index.php?rest_route=\/wp\/v2\/posts\/29494\/revisions\/29496"}],"wp:featuredmedia":[{"embeddable":true,"href":"http:\/\/elobservatorio.com.mx\/index.php?rest_route=\/wp\/v2\/media\/29495"}],"wp:attachment":[{"href":"http:\/\/elobservatorio.com.mx\/index.php?rest_route=%2Fwp%2Fv2%2Fmedia&parent=29494"}],"wp:term":[{"taxonomy":"category","embeddable":true,"href":"http:\/\/elobservatorio.com.mx\/index.php?rest_route=%2Fwp%2Fv2%2Fcategories&post=29494"},{"taxonomy":"post_tag","embeddable":true,"href":"http:\/\/elobservatorio.com.mx\/index.php?rest_route=%2Fwp%2Fv2%2Ftags&post=29494"}],"curies":[{"name":"wp","href":"https:\/\/api.w.org\/{rel}","templated":true}]}}