{"id":29507,"date":"2024-01-30T22:55:45","date_gmt":"2024-01-31T04:55:45","guid":{"rendered":"https:\/\/elobservatorio.com.mx\/?p=29507"},"modified":"2024-01-30T22:55:45","modified_gmt":"2024-01-31T04:55:45","slug":"convierte-tey-en-entornos-seguros-espacios-de-la-v-bonfil-y-santa-teresa","status":"publish","type":"post","link":"http:\/\/elobservatorio.com.mx\/?p=29507","title":{"rendered":"Convierte Tey en Entornos Seguros espacios de la V. Bonfil y Santa Teresa"},"content":{"rendered":"<p><em>*Se invirtieron m\u00e1s de 156 mil pesos en la instalaci\u00f3n de luminarias en jardines y \u00e1reas verdes de ambas colonias<\/em><\/p>\n<p>Villa de \u00c1lvarez, Col.- Cumpliendo con la Meta Estrat\u00e9gica de generar entornos seguros en todas las colonias del municipio, la Presidenta de Villa de \u00c1lvarez, Tey Guti\u00e9rrez Andrade, entreg\u00f3 las obras de modernizaci\u00f3n de la red de alumbrado en espacios p\u00fablicos de las colonias Alfredo V. Bonfil y Santa Teresa.<\/p>\n<p>Guti\u00e9rrez Andrade explic\u00f3 que en Santa Teresa se realiz\u00f3 la colocaci\u00f3n de 12 luminarias LED punta de poste de 100w, luz fr\u00eda, vida \u00fatil de al menos 50 mil horas, eficiencia lum\u00ednica mayor a 125 l\u00famenes y garant\u00eda del proveedor de 10 a\u00f1os, en donde se invirtieron 104 mil 237.88 pesos.<\/p>\n<p>Mientras que en la colonia Alfredo V. Bonfil se realiz\u00f3 el suministro e instalaci\u00f3n de 6 luminarias LED punta de poste, con las mismas especificaciones, obra en la que se erogaron 52 mil 118 pesos.<\/p>\n<p>La Alcaldesa manifest\u00f3 que con la sustituci\u00f3n y modernizaci\u00f3n de estas luminarias, el Gobierno Municipal tendr\u00e1 un ahorro importante en el consumo de energ\u00eda el\u00e9ctrica, adem\u00e1s de generar mayor eficiencia en la iluminaci\u00f3n de jardines, \u00e1reas verdes y espacios deportivos, beneficiando con estas acciones a los villalvarenses que ahora tienen una mayor percepci\u00f3n de seguridad en estos lugares p\u00fablicos.<\/p>\n<p>Tey Guti\u00e9rrez puntualiz\u00f3 que pese a la falta de recursos, durante su administraci\u00f3n municipal se ha priorizado la inversi\u00f3n para solucionar las necesidades m\u00e1s apremiantes de la poblaci\u00f3n, considerando que el alumbrado p\u00fablico es uno de los servicios m\u00e1s importantes y que adem\u00e1s coadyuva en el tema de la seguridad, que sin duda alguna es la principal demanda de la ciudadan\u00eda.<\/p>\n<p>\u201c\u00a1Claro que se puede! y se puede cuando se direccionan los recursos hacia donde deben ir, hacia la necesidad de la poblaci\u00f3n, a la demanda social; por supuesto que ajusta el dinero si se administra bien y nosotros hemos demostrado que atendemos las necesidades que son prioritarias\u00bb, se\u00f1al\u00f3 la Presidenta Municipal.<\/p>\n","protected":false},"excerpt":{"rendered":"<p>*Se invirtieron m\u00e1s de 156 mil pesos en la instalaci\u00f3n de luminarias en jardines y \u00e1reas verdes de ambas colonias Villa de \u00c1lvarez, Col.- Cumpliendo con la Meta Estrat\u00e9gica de generar entornos seguros en todas las colonias del municipio, la Presidenta de Villa de \u00c1lvarez, Tey Guti\u00e9rrez Andrade, entreg\u00f3 las obras de modernizaci\u00f3n de la&#8230;<\/p>\n","protected":false},"author":2,"featured_media":29508,"comment_status":"open","ping_status":"open","sticky":false,"template":"","format":"standard","meta":{"footnotes":""},"categories":[8,42],"tags":[29,30,28],"class_list":["post-29507","post","type-post","status-publish","format-standard","has-post-thumbnail","hentry","category-municipios","category-villa-de-alvarez","tag-grid","tag-news","tag-slider"],"_links":{"self":[{"href":"http:\/\/elobservatorio.com.mx\/index.php?rest_route=\/wp\/v2\/posts\/29507"}],"collection":[{"href":"http:\/\/elobservatorio.com.mx\/index.php?rest_route=\/wp\/v2\/posts"}],"about":[{"href":"http:\/\/elobservatorio.com.mx\/index.php?rest_route=\/wp\/v2\/types\/post"}],"author":[{"embeddable":true,"href":"http:\/\/elobservatorio.com.mx\/index.php?rest_route=\/wp\/v2\/users\/2"}],"replies":[{"embeddable":true,"href":"http:\/\/elobservatorio.com.mx\/index.php?rest_route=%2Fwp%2Fv2%2Fcomments&post=29507"}],"version-history":[{"count":1,"href":"http:\/\/elobservatorio.com.mx\/index.php?rest_route=\/wp\/v2\/posts\/29507\/revisions"}],"predecessor-version":[{"id":29509,"href":"http:\/\/elobservatorio.com.mx\/index.php?rest_route=\/wp\/v2\/posts\/29507\/revisions\/29509"}],"wp:featuredmedia":[{"embeddable":true,"href":"http:\/\/elobservatorio.com.mx\/index.php?rest_route=\/wp\/v2\/media\/29508"}],"wp:attachment":[{"href":"http:\/\/elobservatorio.com.mx\/index.php?rest_route=%2Fwp%2Fv2%2Fmedia&parent=29507"}],"wp:term":[{"taxonomy":"category","embeddable":true,"href":"http:\/\/elobservatorio.com.mx\/index.php?rest_route=%2Fwp%2Fv2%2Fcategories&post=29507"},{"taxonomy":"post_tag","embeddable":true,"href":"http:\/\/elobservatorio.com.mx\/index.php?rest_route=%2Fwp%2Fv2%2Ftags&post=29507"}],"curies":[{"name":"wp","href":"https:\/\/api.w.org\/{rel}","templated":true}]}}