{"id":29526,"date":"2024-01-31T19:59:04","date_gmt":"2024-02-01T01:59:04","guid":{"rendered":"https:\/\/elobservatorio.com.mx\/?p=29526"},"modified":"2024-01-31T19:59:04","modified_gmt":"2024-02-01T01:59:04","slug":"entrega-griselda-martinez-vehiculo-nuevo-a-direccion-de-adquisiciones","status":"publish","type":"post","link":"http:\/\/elobservatorio.com.mx\/?p=29526","title":{"rendered":"Entrega Griselda Mart\u00ednez veh\u00edculo nuevo a direcci\u00f3n de Adquisiciones"},"content":{"rendered":"<p>Con el objetivo de fortalecer las funciones de la administraci\u00f3n municipal, la presidenta Griselda Mart\u00ednez, entreg\u00f3 un veh\u00edculo nuevo a la direcci\u00f3n de Adquisiciones, \u00e1rea municipal que no contaba con una unidad para atender sus labores.<\/p>\n<p>Acompa\u00f1ada por la directora de Adquisiciones, Adriana Acevedo, la alcaldesa destac\u00f3 la oportunidad que se tuvo para comprar un veh\u00edculo para tal direcci\u00f3n, pues desde hace 5 a\u00f1os no ten\u00edan uno asignado a pesar de que dicha \u00e1rea es la encargada de adquirir todo lo que las dependencias municipales requieren.<\/p>\n<p>Mencion\u00f3 que gracias a este veh\u00edculo March modelo 2024, podr\u00e1n hacer mejor sus funciones, entre ellas, acudir con proveedores para hacer las cotizaciones correspondientes. \u201cLa directora nos ayuda mucho al resolver necesidades de todas las \u00e1reas de la administraci\u00f3n, porque a todas les urgen cosas, por eso hay que dar respuesta inmediata y para ello se requiere desplazarse\u201d, se\u00f1al\u00f3 la alcaldesa.<\/p>\n<p>Tambi\u00e9n destac\u00f3 que este nuevo veh\u00edculo se suma al patrimonio de las y los manzanillenses que, como muchas otras unidades, se han adquirido gracias a las finanzas sanas que tiene el Ayuntamiento de Manzanillo, \u201cPorque no nos robamos ni un peso, porque no pedimos moches, y ponderamos precio y calidad. Es por eso que agradecemos a todas las personas que pagan sus impuestos\u201d.<\/p>\n<p>En el uso de la voz, la directora de Adquisiciones, Adriana Acevedo, agradeci\u00f3 a la presidenta esta nueva herramienta de trabajo y se comprometi\u00f3 a seguir trabajando con el objetivo de que todas las \u00e1reas municipales tengan lo necesario para atender a la poblaci\u00f3n con calidad.<\/p>\n","protected":false},"excerpt":{"rendered":"<p>Con el objetivo de fortalecer las funciones de la administraci\u00f3n municipal, la presidenta Griselda Mart\u00ednez, entreg\u00f3 un veh\u00edculo nuevo a la direcci\u00f3n de Adquisiciones, \u00e1rea municipal que no contaba con una unidad para atender sus labores. Acompa\u00f1ada por la directora de Adquisiciones, Adriana Acevedo, la alcaldesa destac\u00f3 la oportunidad que se tuvo para comprar un&#8230;<\/p>\n","protected":false},"author":2,"featured_media":29527,"comment_status":"open","ping_status":"open","sticky":false,"template":"","format":"standard","meta":{"footnotes":""},"categories":[35,8],"tags":[29,30,28],"class_list":["post-29526","post","type-post","status-publish","format-standard","has-post-thumbnail","hentry","category-manzanillo","category-municipios","tag-grid","tag-news","tag-slider"],"_links":{"self":[{"href":"http:\/\/elobservatorio.com.mx\/index.php?rest_route=\/wp\/v2\/posts\/29526"}],"collection":[{"href":"http:\/\/elobservatorio.com.mx\/index.php?rest_route=\/wp\/v2\/posts"}],"about":[{"href":"http:\/\/elobservatorio.com.mx\/index.php?rest_route=\/wp\/v2\/types\/post"}],"author":[{"embeddable":true,"href":"http:\/\/elobservatorio.com.mx\/index.php?rest_route=\/wp\/v2\/users\/2"}],"replies":[{"embeddable":true,"href":"http:\/\/elobservatorio.com.mx\/index.php?rest_route=%2Fwp%2Fv2%2Fcomments&post=29526"}],"version-history":[{"count":1,"href":"http:\/\/elobservatorio.com.mx\/index.php?rest_route=\/wp\/v2\/posts\/29526\/revisions"}],"predecessor-version":[{"id":29528,"href":"http:\/\/elobservatorio.com.mx\/index.php?rest_route=\/wp\/v2\/posts\/29526\/revisions\/29528"}],"wp:featuredmedia":[{"embeddable":true,"href":"http:\/\/elobservatorio.com.mx\/index.php?rest_route=\/wp\/v2\/media\/29527"}],"wp:attachment":[{"href":"http:\/\/elobservatorio.com.mx\/index.php?rest_route=%2Fwp%2Fv2%2Fmedia&parent=29526"}],"wp:term":[{"taxonomy":"category","embeddable":true,"href":"http:\/\/elobservatorio.com.mx\/index.php?rest_route=%2Fwp%2Fv2%2Fcategories&post=29526"},{"taxonomy":"post_tag","embeddable":true,"href":"http:\/\/elobservatorio.com.mx\/index.php?rest_route=%2Fwp%2Fv2%2Ftags&post=29526"}],"curies":[{"name":"wp","href":"https:\/\/api.w.org\/{rel}","templated":true}]}}