{"id":2954,"date":"2019-03-12T03:28:25","date_gmt":"2019-03-12T03:28:25","guid":{"rendered":"http:\/\/elobservatorio.com.mx\/por-robo-calificado-capturan-a-un-sujeto"},"modified":"2019-03-12T03:28:25","modified_gmt":"2019-03-12T03:28:25","slug":"por-robo-calificado-capturan-a-un-sujeto","status":"publish","type":"post","link":"http:\/\/elobservatorio.com.mx\/?p=2954","title":{"rendered":"Por robo calificado capturan a un sujeto"},"content":{"rendered":"<p><em>*Los hechos ocurrieron en la Colonia La Armon\u00eda.<\/em><\/p>\n<p>El juez de control vincul\u00f3 a proceso a un hombre de 27 a\u00f1os de edad, que fue detenido como imputado del delito de robo calificado en hechos ocurridos en la colonia La Armon\u00eda, en la Ciudad de Colima.<\/p>\n<p>De acuerdo a lo que se establece en la carpeta de investigaci\u00f3n, el imputado sustrajo varios objetos de valor de un domicilio ubicado en la colonia antes mencionada, para posteriormente darse a la fuga.<\/p>\n<p>Por lo anterior esta persona fue detenida en acatamiento a la orden de aprehensi\u00f3n que hab\u00eda en su contra, y ser\u00e1 el \u00f3rgano jurisdiccional quien determine su responsabilidad en el delito que se le imputa.<\/p>\n<p>Es as\u00ed como la Fiscal\u00eda General del Estado, contin\u00faa trabajando en la investigaci\u00f3n de los il\u00edcitos que se cometen en Colima, para esclarecerlos y lograr la captura de los responsables, con el objetivo de llevarlos ante la justicia y evitar que exista impunidad en estos casos.<\/p>\n<p>Es importante decir que para lograr lo anterior, resulta fundamental que la poblaci\u00f3n siga participando a trav\u00e9s de sus denuncias an\u00f3nimas al 089 y el reporte de las emergencias a la l\u00ednea 911.<\/p>\n","protected":false},"excerpt":{"rendered":"<p>*Los hechos ocurrieron en la Colonia La Armon\u00eda. El juez de control vincul\u00f3 a proceso a un hombre de 27 a\u00f1os de edad, que fue detenido como imputado del delito de robo calificado en hechos ocurridos en la colonia La Armon\u00eda, en la Ciudad de Colima. De acuerdo a lo que se establece en la&#8230;<\/p>\n","protected":false},"author":2,"featured_media":2955,"comment_status":"open","ping_status":"open","sticky":false,"template":"","format":"standard","meta":{"footnotes":""},"categories":[15],"tags":[29,30,28],"class_list":["post-2954","post","type-post","status-publish","format-standard","has-post-thumbnail","hentry","category-seguridad-y-justicia","tag-grid","tag-news","tag-slider"],"_links":{"self":[{"href":"http:\/\/elobservatorio.com.mx\/index.php?rest_route=\/wp\/v2\/posts\/2954"}],"collection":[{"href":"http:\/\/elobservatorio.com.mx\/index.php?rest_route=\/wp\/v2\/posts"}],"about":[{"href":"http:\/\/elobservatorio.com.mx\/index.php?rest_route=\/wp\/v2\/types\/post"}],"author":[{"embeddable":true,"href":"http:\/\/elobservatorio.com.mx\/index.php?rest_route=\/wp\/v2\/users\/2"}],"replies":[{"embeddable":true,"href":"http:\/\/elobservatorio.com.mx\/index.php?rest_route=%2Fwp%2Fv2%2Fcomments&post=2954"}],"version-history":[{"count":0,"href":"http:\/\/elobservatorio.com.mx\/index.php?rest_route=\/wp\/v2\/posts\/2954\/revisions"}],"wp:featuredmedia":[{"embeddable":true,"href":"http:\/\/elobservatorio.com.mx\/index.php?rest_route=\/wp\/v2\/media\/2955"}],"wp:attachment":[{"href":"http:\/\/elobservatorio.com.mx\/index.php?rest_route=%2Fwp%2Fv2%2Fmedia&parent=2954"}],"wp:term":[{"taxonomy":"category","embeddable":true,"href":"http:\/\/elobservatorio.com.mx\/index.php?rest_route=%2Fwp%2Fv2%2Fcategories&post=2954"},{"taxonomy":"post_tag","embeddable":true,"href":"http:\/\/elobservatorio.com.mx\/index.php?rest_route=%2Fwp%2Fv2%2Ftags&post=2954"}],"curies":[{"name":"wp","href":"https:\/\/api.w.org\/{rel}","templated":true}]}}