{"id":29552,"date":"2024-01-31T22:47:44","date_gmt":"2024-02-01T04:47:44","guid":{"rendered":"https:\/\/elobservatorio.com.mx\/?p=29552"},"modified":"2024-01-31T22:47:44","modified_gmt":"2024-02-01T04:47:44","slug":"mediante-informe-de-la-cdhec-diputados-invitan-a-colimenses-a-seguir-vigilantes-del-respeto-a-los-derechos-humanos","status":"publish","type":"post","link":"http:\/\/elobservatorio.com.mx\/?p=29552","title":{"rendered":"Mediante informe de la CDHEC, diputados invitan a colimenses a seguir vigilantes del respeto a los Derechos Humanos"},"content":{"rendered":"<p>Al realizarse este mi\u00e9rcoles la Sesi\u00f3n Solemne con motivo de la entrega del Informe Anual de Actividades de la Comisi\u00f3n de Derechos Humanos del Estado de Colima, el presidente de la Mesa Directiva del H. Congreso del Estado en su Sexag\u00e9sima Legislatura, diputado David Lorenzo Grajales P\u00e9rez, expres\u00f3 en su mensaje que este ejercicio de rendici\u00f3n de cuentas servir\u00e1 para que las y los colimenses puedan conocer los trabajos de la CDHEC, pero tambi\u00e9n \u201cser\u00e1 una invitaci\u00f3n para que la ciudadan\u00eda siga siendo protagonista y vigilante de los mismos\u201d.<\/p>\n<p>Grajales P\u00e9rez expuso que actualmente se viven tiempos complejos en los que los Derechos Humanos siguen siendo vulnerados, por lo que conmin\u00f3 a su titular \u201ca seguir trabajando de manera institucional en aras de la defensa de los derechos de todas y todos\u201d.<\/p>\n<p>La encargada de despacho de la Secretar\u00eda de Bienestar, Inclusi\u00f3n Social y Mujeres, Licda. Zalia Mar\u00eda Guti\u00e9rrez Verduzco, en representaci\u00f3n del Poder Ejecutivo del Estado de Colima, se\u00f1al\u00f3 que son un aliado fundamental de la Comisi\u00f3n de Derechos Humanos del Estado de Colima, ya que se comparte un compromiso genuino con la defensa de los derechos de todas y todos, \u201clo que se demuestra en pol\u00edticas p\u00fablicas que tienen el objetivo de solventar y cubrir las necesidades m\u00e1s b\u00e1sicas y generar bienestar para todas las personas, sobre todo para los grupos m\u00e1s vulnerables\u201d. Destac\u00f3 que se debe seguir trabajando, manteniendo un v\u00ednculo entre instituciones y organizaciones de la sociedad civil, ya que as\u00ed se construyen y fortalecen nuevas herramientas para actuar en conjunto en la construcci\u00f3n de una sociedad m\u00e1s justa e igualitaria, con un futuro digno para todas y todos.<\/p>\n<p>Durante su intervenci\u00f3n, la diputada Ana Karen Hern\u00e1ndez, presidenta de la Comisi\u00f3n de Derechos Humanos del Poder Legislativo, expres\u00f3 en su mensaje que estos derechos son el pilar fundamental de las sociedades modernas, de las democracias contempor\u00e1neas y que tienen la misi\u00f3n de tutelar la dignidad humana para garantizar la vida digna para todas las personas, aunque su materializaci\u00f3n requiere de mucha voluntad pol\u00edtica, para no quedarse simplemente como buenos deseos en el papel. Mencion\u00f3 que la naturaleza jur\u00eddica de los organismos no-jurisdiccionales de protecci\u00f3n de los Derechos Humanos no debe politizarse ni debe invadir esferas competenciales de otros poderes, es por ello que el r\u00e9gimen constitucional mexicano ha establecido expresamente los l\u00edmites y las competencias de los organismos no-jurisdiccionales de derechos humanos. Finalmente, expres\u00f3 que el pleno respeto y cumplimiento a los derechos humanos de todas las personas, de las mujeres, de las infancias, de la poblaci\u00f3n ind\u00edgena y campesina, de la clase trabajadora, de la diversidad sexual, de las personas adultas mayores, de todas las mujeres y hombres que aspiran a la libertad, constituyen el faro \u00e9tico que gu\u00eda el actuar pol\u00edtico.<\/p>\n<p>En su mensaje, el presidente de la Comisi\u00f3n de Derechos Humanos del Estado de Colima, Roberto Ram\u00edrez, destac\u00f3 que lo importante no son los nombres, sino los resultados de los trabajos de las instituciones que defienden los derechos humanos, en las que la coordinaci\u00f3n y colaboraci\u00f3n con distintas dependencias y organizaciones son de suma importancia. Destac\u00f3 que, en el documento entregado, se describe el estado que guarda la instituci\u00f3n, as\u00ed como los avances en las metas planteadas y la relaci\u00f3n que se tiene con otras instituciones, as\u00ed como el ejercicio del presupuesto del a\u00f1o 2023. En su informe, el titular de la Comisi\u00f3n de Derechos Humanos del Estado de Colima manifest\u00f3 que en el periodo que se informa, se abrieron 790 expedientes, y fueron 822 los concluidos.<\/p>\n<p>Sobre los grupos vulnerables, expuso que de las quejas que se recibieron, 114 de ellas fueron hechas por personas que se identificaron como ni\u00f1as, ni\u00f1os o adolescentes; 87 fueron adultos mayores; 27 mujeres v\u00edctimas de violencia; 19 personas con discapacidad; 14 pertenecientes a la comunidad LGBTTIQ+; 5 periodistas, entre otras. Ram\u00edrez se\u00f1al\u00f3 que, en el a\u00f1o informado, sumaron 30 mil 324 servicios o entregables a igual n\u00famero de personas de manera directa en cuesti\u00f3n de capacitaci\u00f3n e informaci\u00f3n, mismas que se ven reflejadas en conocimientos de c\u00f3mo hacer valer los derechos humanos. Finalmente, hizo un llamado a todas las instituciones de gobierno para sumar voluntades y actuar en conjunto a favor de las labores de b\u00fasqueda de personas y en general, para velar por los derechos de todas las personas.<\/p>\n<p>En este evento, tambi\u00e9n estuvo presente la magistrada Lilia Hern\u00e1ndez Flores, en representaci\u00f3n del presidente del Poder Judicial del Estado de Colima, con los Honores a la Bandera a cargo de la Escolta y Banda de Guerra del 29\u00b0 Batall\u00f3n de Infanter\u00eda de la 20va Zona Militar; as\u00ed como la entonaci\u00f3n del Himno Nacional y el Himno al Estado de Colima.<\/p>\n","protected":false},"excerpt":{"rendered":"<p>Al realizarse este mi\u00e9rcoles la Sesi\u00f3n Solemne con motivo de la entrega del Informe Anual de Actividades de la Comisi\u00f3n de Derechos Humanos del Estado de Colima, el presidente de la Mesa Directiva del H. Congreso del Estado en su Sexag\u00e9sima Legislatura, diputado David Lorenzo Grajales P\u00e9rez, expres\u00f3 en su mensaje que este ejercicio de&#8230;<\/p>\n","protected":false},"author":2,"featured_media":29553,"comment_status":"open","ping_status":"open","sticky":false,"template":"","format":"standard","meta":{"footnotes":""},"categories":[1],"tags":[29,30,28],"class_list":["post-29552","post","type-post","status-publish","format-standard","has-post-thumbnail","hentry","category-espacio-legislativo","tag-grid","tag-news","tag-slider"],"_links":{"self":[{"href":"http:\/\/elobservatorio.com.mx\/index.php?rest_route=\/wp\/v2\/posts\/29552"}],"collection":[{"href":"http:\/\/elobservatorio.com.mx\/index.php?rest_route=\/wp\/v2\/posts"}],"about":[{"href":"http:\/\/elobservatorio.com.mx\/index.php?rest_route=\/wp\/v2\/types\/post"}],"author":[{"embeddable":true,"href":"http:\/\/elobservatorio.com.mx\/index.php?rest_route=\/wp\/v2\/users\/2"}],"replies":[{"embeddable":true,"href":"http:\/\/elobservatorio.com.mx\/index.php?rest_route=%2Fwp%2Fv2%2Fcomments&post=29552"}],"version-history":[{"count":1,"href":"http:\/\/elobservatorio.com.mx\/index.php?rest_route=\/wp\/v2\/posts\/29552\/revisions"}],"predecessor-version":[{"id":29554,"href":"http:\/\/elobservatorio.com.mx\/index.php?rest_route=\/wp\/v2\/posts\/29552\/revisions\/29554"}],"wp:featuredmedia":[{"embeddable":true,"href":"http:\/\/elobservatorio.com.mx\/index.php?rest_route=\/wp\/v2\/media\/29553"}],"wp:attachment":[{"href":"http:\/\/elobservatorio.com.mx\/index.php?rest_route=%2Fwp%2Fv2%2Fmedia&parent=29552"}],"wp:term":[{"taxonomy":"category","embeddable":true,"href":"http:\/\/elobservatorio.com.mx\/index.php?rest_route=%2Fwp%2Fv2%2Fcategories&post=29552"},{"taxonomy":"post_tag","embeddable":true,"href":"http:\/\/elobservatorio.com.mx\/index.php?rest_route=%2Fwp%2Fv2%2Ftags&post=29552"}],"curies":[{"name":"wp","href":"https:\/\/api.w.org\/{rel}","templated":true}]}}