{"id":29604,"date":"2024-02-07T19:40:15","date_gmt":"2024-02-08T01:40:15","guid":{"rendered":"http:\/\/elobservatorio.com.mx\/?p=29604"},"modified":"2024-02-07T19:40:15","modified_gmt":"2024-02-08T01:40:15","slug":"margarita-moreno-lleva-festival-de-la-alegria-a-tepames","status":"publish","type":"post","link":"http:\/\/elobservatorio.com.mx\/?p=29604","title":{"rendered":"Margarita Moreno lleva Festival de la Alegr\u00eda a Tepames"},"content":{"rendered":"<div dir=\"auto\"><em>*Familias de las diferentes comunidades rurales asistieron al evento familiar, como parte del proyecto de alentar el rescate de espacios p\u00fablicos de la presidenta municipal.<\/em><\/div>\n<div dir=\"auto\"><\/div>\n<div dir=\"auto\">La presidenta municipal de Colima, Margarita Moreno, llev\u00f3 a la comunidad de Tepames las actividades del Festival de la Alegr\u00eda que, trav\u00e9s del DIF Municipal Colima busca fomentar en las ni\u00f1as y los ni\u00f1os la sana convivencia y la cultura, as\u00ed como el rescate de espacios p\u00fablicos, motivando la unidad en cada colonia y comunidad.<\/div>\n<div dir=\"auto\"><\/div>\n<div dir=\"auto\">Esta gira que encabeza la presidenta municipal forma parte de las jornadas que se han realizado con gran \u00e9xito en colonias como Nuevo Milenio e Infonavit la Estancia, as\u00ed como en comunidades como Piscila, donde este programa ha congregado a cientos de asistentes que se llevan un mensaje de lo importante que es alentar la convivencia entre vecinas y vecinos.<\/div>\n<div dir=\"auto\"><\/div>\n<div dir=\"auto\">\u201cCada acci\u00f3n de esta administraci\u00f3n ser\u00e1 en favor de las familias de Colima, por eso nos gusta verles aqu\u00ed, conviviendo, divirti\u00e9ndonos, disfrutando de nuestros espacios p\u00fablicos y, sobre todo, de la relaci\u00f3n con nuestras vecinas y vecinos\u201d, se\u00f1al\u00f3 la presidenta quien alent\u00f3 a todas y todos poner manos a la obra por un municipio m\u00e1s humano y familiarmente sostenible.<\/div>\n<div dir=\"auto\"><\/div>\n<div dir=\"auto\">La directora del DIF Municipal Colima, Dulce Campos Grimaldo, invit\u00f3 a las y los asistentes a compartir el prop\u00f3sito de este evento impulsado por la presidenta Margarita Moreno y que, con la actuaci\u00f3n de los payasos Los Dannys, ayudan a reforzar la importancia de los valores en la ni\u00f1ez.<\/div>\n<div dir=\"auto\"><\/div>\n<div dir=\"auto\">Anunci\u00f3 que el pr\u00f3ximo viernes, 09 de febrero, se realizar\u00e1 el Festival de la Alegr\u00eda en la cancha techada de colonia Prados del Sur, a partir de las 6:00 de la tarde, que ser\u00e1 amenizado por el show infantil de Bet\u00fan.<\/div>\n","protected":false},"excerpt":{"rendered":"<p>*Familias de las diferentes comunidades rurales asistieron al evento familiar, como parte del proyecto de alentar el rescate de espacios p\u00fablicos de la presidenta municipal. La presidenta municipal de Colima, Margarita Moreno, llev\u00f3 a la comunidad de Tepames las actividades del Festival de la Alegr\u00eda que, trav\u00e9s del DIF Municipal Colima busca fomentar en las&#8230;<\/p>\n","protected":false},"author":2,"featured_media":29605,"comment_status":"open","ping_status":"open","sticky":false,"template":"","format":"standard","meta":{"footnotes":""},"categories":[36,8],"tags":[29,30,28],"class_list":["post-29604","post","type-post","status-publish","format-standard","has-post-thumbnail","hentry","category-colima","category-municipios","tag-grid","tag-news","tag-slider"],"_links":{"self":[{"href":"http:\/\/elobservatorio.com.mx\/index.php?rest_route=\/wp\/v2\/posts\/29604"}],"collection":[{"href":"http:\/\/elobservatorio.com.mx\/index.php?rest_route=\/wp\/v2\/posts"}],"about":[{"href":"http:\/\/elobservatorio.com.mx\/index.php?rest_route=\/wp\/v2\/types\/post"}],"author":[{"embeddable":true,"href":"http:\/\/elobservatorio.com.mx\/index.php?rest_route=\/wp\/v2\/users\/2"}],"replies":[{"embeddable":true,"href":"http:\/\/elobservatorio.com.mx\/index.php?rest_route=%2Fwp%2Fv2%2Fcomments&post=29604"}],"version-history":[{"count":1,"href":"http:\/\/elobservatorio.com.mx\/index.php?rest_route=\/wp\/v2\/posts\/29604\/revisions"}],"predecessor-version":[{"id":29606,"href":"http:\/\/elobservatorio.com.mx\/index.php?rest_route=\/wp\/v2\/posts\/29604\/revisions\/29606"}],"wp:featuredmedia":[{"embeddable":true,"href":"http:\/\/elobservatorio.com.mx\/index.php?rest_route=\/wp\/v2\/media\/29605"}],"wp:attachment":[{"href":"http:\/\/elobservatorio.com.mx\/index.php?rest_route=%2Fwp%2Fv2%2Fmedia&parent=29604"}],"wp:term":[{"taxonomy":"category","embeddable":true,"href":"http:\/\/elobservatorio.com.mx\/index.php?rest_route=%2Fwp%2Fv2%2Fcategories&post=29604"},{"taxonomy":"post_tag","embeddable":true,"href":"http:\/\/elobservatorio.com.mx\/index.php?rest_route=%2Fwp%2Fv2%2Ftags&post=29604"}],"curies":[{"name":"wp","href":"https:\/\/api.w.org\/{rel}","templated":true}]}}