{"id":29644,"date":"2024-02-09T22:52:17","date_gmt":"2024-02-10T04:52:17","guid":{"rendered":"https:\/\/elobservatorio.com.mx\/?p=29644"},"modified":"2024-02-09T22:52:17","modified_gmt":"2024-02-10T04:52:17","slug":"cabildo-aprueba-solicitud-al-congreso-de-autorizar-incentivos-fiscales","status":"publish","type":"post","link":"http:\/\/elobservatorio.com.mx\/?p=29644","title":{"rendered":"Cabildo aprueba solicitud al Congreso de autorizar incentivos fiscales"},"content":{"rendered":"<p><em>*La sesi\u00f3n se llev\u00f3 a cabo con Martha Zepeda Del Toro en su calidad de Secretaria, quien se reincorpor\u00f3 a sus funciones.<\/em><\/p>\n<p>A petici\u00f3n de la alcaldesa Griselda Mart\u00ednez, el Cabildo de Manzanillo aprob\u00f3 enviar al Congreso del Estado la Iniciativa con Proyecto de Decreto para otorgar incentivos fiscales en favor de los contribuyentes del Municipio, respecto del ejercicio fiscal 2024 y anteriores, en el marco de la Sesi\u00f3n de Cabildo No. 69 con car\u00e1cter de ordinaria.<\/p>\n<p>En caso de que el Congreso apruebe y despu\u00e9s de que se publique en el Peri\u00f3dico Oficial del Estado de Colima, entrar\u00edan en vigor los siguientes beneficios:<\/p>\n<p>&#8211;\u00a0 La condonaci\u00f3n del 100 por ciento en los recargos generados y las multas impuestas por la falta de pago oportuno del impuesto predial.<\/p>\n<p>&#8211; La condonaci\u00f3n del 50 por ciento en los recargos generados y las multas impuestas por la falta de pago oportuno de los derechos por la prestaci\u00f3n de los servicios de aseo p\u00fablico, consistentes en la recolecci\u00f3n y traslado de residuos s\u00f3lidos, as\u00ed como de su dep\u00f3sito en el relleno sanitario.<\/p>\n<p>&#8211; La condonaci\u00f3n del 100 por ciento en los recargos generados y las multas impuestas por la falta de pago oportuno de los derechos por la prestaci\u00f3n de los servicios de limpieza de lotes en propiedad particular del cementerio municipal.<\/p>\n<p>&#8211; La condonaci\u00f3n del 100 por ciento de los recargos generados por la falta de pago oportuno de las multas de orden administrativo impuestas, respecto de infracciones en materia de tr\u00e1nsito.<\/p>\n<p>Cabe destacar que la sesi\u00f3n se llev\u00f3 a cabo con la participaci\u00f3n de Martha Zepeda Del Toro en su calidad de Secretaria, quien se reincorpor\u00f3 a sus funciones, dado que el Supremo Tribunal de Justicia determin\u00f3 dejar sin efecto la medida suspensiva en su contra y, por ende, regres\u00f3 al puesto por el que fue aprobada por el Cabildo, el 16 de octubre de 2021.<\/p>\n","protected":false},"excerpt":{"rendered":"<p>*La sesi\u00f3n se llev\u00f3 a cabo con Martha Zepeda Del Toro en su calidad de Secretaria, quien se reincorpor\u00f3 a sus funciones. A petici\u00f3n de la alcaldesa Griselda Mart\u00ednez, el Cabildo de Manzanillo aprob\u00f3 enviar al Congreso del Estado la Iniciativa con Proyecto de Decreto para otorgar incentivos fiscales en favor de los contribuyentes del&#8230;<\/p>\n","protected":false},"author":2,"featured_media":29645,"comment_status":"open","ping_status":"open","sticky":false,"template":"","format":"standard","meta":{"footnotes":""},"categories":[35,8],"tags":[29,30,28],"class_list":["post-29644","post","type-post","status-publish","format-standard","has-post-thumbnail","hentry","category-manzanillo","category-municipios","tag-grid","tag-news","tag-slider"],"_links":{"self":[{"href":"http:\/\/elobservatorio.com.mx\/index.php?rest_route=\/wp\/v2\/posts\/29644"}],"collection":[{"href":"http:\/\/elobservatorio.com.mx\/index.php?rest_route=\/wp\/v2\/posts"}],"about":[{"href":"http:\/\/elobservatorio.com.mx\/index.php?rest_route=\/wp\/v2\/types\/post"}],"author":[{"embeddable":true,"href":"http:\/\/elobservatorio.com.mx\/index.php?rest_route=\/wp\/v2\/users\/2"}],"replies":[{"embeddable":true,"href":"http:\/\/elobservatorio.com.mx\/index.php?rest_route=%2Fwp%2Fv2%2Fcomments&post=29644"}],"version-history":[{"count":1,"href":"http:\/\/elobservatorio.com.mx\/index.php?rest_route=\/wp\/v2\/posts\/29644\/revisions"}],"predecessor-version":[{"id":29646,"href":"http:\/\/elobservatorio.com.mx\/index.php?rest_route=\/wp\/v2\/posts\/29644\/revisions\/29646"}],"wp:featuredmedia":[{"embeddable":true,"href":"http:\/\/elobservatorio.com.mx\/index.php?rest_route=\/wp\/v2\/media\/29645"}],"wp:attachment":[{"href":"http:\/\/elobservatorio.com.mx\/index.php?rest_route=%2Fwp%2Fv2%2Fmedia&parent=29644"}],"wp:term":[{"taxonomy":"category","embeddable":true,"href":"http:\/\/elobservatorio.com.mx\/index.php?rest_route=%2Fwp%2Fv2%2Fcategories&post=29644"},{"taxonomy":"post_tag","embeddable":true,"href":"http:\/\/elobservatorio.com.mx\/index.php?rest_route=%2Fwp%2Fv2%2Ftags&post=29644"}],"curies":[{"name":"wp","href":"https:\/\/api.w.org\/{rel}","templated":true}]}}