{"id":29647,"date":"2024-02-09T23:34:24","date_gmt":"2024-02-10T05:34:24","guid":{"rendered":"https:\/\/elobservatorio.com.mx\/?p=29647"},"modified":"2024-02-09T23:34:24","modified_gmt":"2024-02-10T05:34:24","slug":"manzanillo-fue-sede-de-la-11va-reunion-nacional-de-sordos-e-interpretes-de-lengua-de-senas-mexicanas","status":"publish","type":"post","link":"http:\/\/elobservatorio.com.mx\/?p=29647","title":{"rendered":"Manzanillo, fue sede de la 11va Reuni\u00f3n Nacional de Sordos e Int\u00e9rpretes de Lengua de Se\u00f1as Mexicanas"},"content":{"rendered":"<p><em>*Griselda Mart\u00ednez dio la\u00a0 bienvenida a la comunidad sorda de todo el pa\u00eds y les pide que no dejen de luchar por sus derechos<\/em><\/p>\n<p>En el marco de la inauguraci\u00f3n de la 11va Reuni\u00f3n Nacional de Sordos e Int\u00e9rpretes de Lengua de Se\u00f1as Mexicana, organizada por el H. Ayuntamiento de Manzanillo, La presidenta Municipal, Griselda Mart\u00ednez les dio una c\u00e1lida bienvenida en nombre de las y los manzanillenses, a m\u00e1s de un centenar de personas provenientes de todo el pa\u00eds, a quien les recomend\u00f3 \u201cSigan luchando en la defensa de sus derechos\u201d. Les dijo que \u201cla unidad es fundamental para ser tomados en cuenta y para avanzar hacia una sociedad con mayor equidad, inclusiva y sin discriminaci\u00f3n; en donde la comunidad sorda tenga garantizado su derecho a una educaci\u00f3n m\u00e1s digna y de calidad, y que les ofrezca verdaderas oportunidades de desarrollo.<\/p>\n<p>Durante esta emotiva ceremonia inaugural, Aldo Iv\u00e1n Arroyo Figueroa, int\u00e9rprete de Lengua de Se\u00f1as Mexicanas del H. Ayuntamiento de Manzanillo, agradeci\u00f3 a la alcaldesa el apoyo para la realizaci\u00f3n de este evento de relevancia nacional, as\u00ed como a todos compa\u00f1eros y compa\u00f1eras por la organizaci\u00f3n del mismo.<\/p>\n<p>El coordinador de del Sistema de Justicia C\u00edvica del Municipio, Jes\u00fas Rebolledo, extern\u00f3 que las personas sordas deben ser tratadas con dignidad y de forma igualitaria, sin que de por medio haya barreras que dificulten su inclusi\u00f3n ni desarrollo.<\/p>\n<p>Es importante precisar que Manzanillo es el \u00fanico municipio del Estado que cuenta con un int\u00e9rprete de se\u00f1as en apoyo a la poblaci\u00f3n, y se les brinda la atenci\u00f3n adecuada como a todos los individuos, en estricto respeto a sus derechos humanos.<\/p>\n<p>La Coordinadora general del Movimiento en la Defensa de Educaci\u00f3n Biling\u00fce para Sordos (MEBISOR), Alejandra \u00c1lvarez Hidalgo, destac\u00f3 que es importante seguir empujando aquellas iniciativas que permiten tu total inclusi\u00f3n a la sociedad y no distraerse hasta lograrlo.<\/p>\n<p>Daniel Maya Ortega, Representante Regional de Norteam\u00e9rica para la Asociaci\u00f3n Mundial de Int\u00e9rpretes de Lengua de Se\u00f1as (WALSI), Coordinador de int\u00e9rpretes e int\u00e9rprete para Tribunal Electoral de la Ciudad de M\u00e9xico y actual Int\u00e9rprete titular para las Conferencias Matutinas del Presidente de la Rep\u00fablica, Andr\u00e9s Manuel L\u00f3pez Obrador, destac\u00f3 que es indispensable la unidad, en la b\u00fasqueda de inclusi\u00f3n para todos quienes conforman la comunidad.<\/p>\n<p>El Doctor Bor\u00eds Friedman, activista por los derechos ling\u00fc\u00edsticos y culturales de la comunidad sorda, recomend\u00f3 a todas las familias que cuentan con un integrante sordo a que se organicen para llevarlos a la misma escuela y as\u00ed exigir a la autoridad educativa, provea de personal capacitado para brindarles una educaci\u00f3n con mayor calidad y equidad, pues as\u00ed lo dicta la ley. Estar separados los aleja de una educaci\u00f3n digna, se\u00f1al\u00f3.<\/p>\n<p>Por su parte Rodolfo L\u00f3pez Espinoza, Presidente de Federaci\u00f3n Mexicana de Sordos, y ex vicepresidente de la Asociaci\u00f3n de Sordos del Estado de M\u00e9xico, habl\u00f3 por los derechos de ni\u00f1as y ni\u00f1os que enfrentan la discapacidad auditiva. Destac\u00f3 que tienen derecho a que se les ense\u00f1e la lengua de se\u00f1as y a que su misma familia no los discrimine, por lo que toda la familia est\u00e1 obligada a aprender esa lengua para incluirlos. Se\u00f1al\u00f3 que hay familias que no se preocupan por la preparaci\u00f3n de sus hijos cuando son sordos y dijo que eso tiene que terminar.<\/p>\n<p>Finalmente, Hern\u00e1n Guillermo Aguilar, como profesor, se\u00f1al\u00f3 la decadencia en t\u00e9rminos de comunicaci\u00f3n que ha venido trayendo las redes sociales y por consiguiente la Internet, vi\u00e9ndose muy afecta las personas sordas, haciendo hincapi\u00e9 en las infancias. Asimismo, indic\u00f3 que estas deficiencias en la comunicaci\u00f3n profundizan la brecha de conocimientos entre personas sordas y oyentes, lo que tambi\u00e9n resulta en desigualdad de oportunidades.<\/p>\n<p>&nbsp;<\/p>\n","protected":false},"excerpt":{"rendered":"<p>*Griselda Mart\u00ednez dio la\u00a0 bienvenida a la comunidad sorda de todo el pa\u00eds y les pide que no dejen de luchar por sus derechos En el marco de la inauguraci\u00f3n de la 11va Reuni\u00f3n Nacional de Sordos e Int\u00e9rpretes de Lengua de Se\u00f1as Mexicana, organizada por el H. Ayuntamiento de Manzanillo, La presidenta Municipal, Griselda&#8230;<\/p>\n","protected":false},"author":2,"featured_media":29648,"comment_status":"open","ping_status":"open","sticky":false,"template":"","format":"standard","meta":{"footnotes":""},"categories":[35,8],"tags":[29,30,28],"class_list":["post-29647","post","type-post","status-publish","format-standard","has-post-thumbnail","hentry","category-manzanillo","category-municipios","tag-grid","tag-news","tag-slider"],"_links":{"self":[{"href":"http:\/\/elobservatorio.com.mx\/index.php?rest_route=\/wp\/v2\/posts\/29647"}],"collection":[{"href":"http:\/\/elobservatorio.com.mx\/index.php?rest_route=\/wp\/v2\/posts"}],"about":[{"href":"http:\/\/elobservatorio.com.mx\/index.php?rest_route=\/wp\/v2\/types\/post"}],"author":[{"embeddable":true,"href":"http:\/\/elobservatorio.com.mx\/index.php?rest_route=\/wp\/v2\/users\/2"}],"replies":[{"embeddable":true,"href":"http:\/\/elobservatorio.com.mx\/index.php?rest_route=%2Fwp%2Fv2%2Fcomments&post=29647"}],"version-history":[{"count":1,"href":"http:\/\/elobservatorio.com.mx\/index.php?rest_route=\/wp\/v2\/posts\/29647\/revisions"}],"predecessor-version":[{"id":29649,"href":"http:\/\/elobservatorio.com.mx\/index.php?rest_route=\/wp\/v2\/posts\/29647\/revisions\/29649"}],"wp:featuredmedia":[{"embeddable":true,"href":"http:\/\/elobservatorio.com.mx\/index.php?rest_route=\/wp\/v2\/media\/29648"}],"wp:attachment":[{"href":"http:\/\/elobservatorio.com.mx\/index.php?rest_route=%2Fwp%2Fv2%2Fmedia&parent=29647"}],"wp:term":[{"taxonomy":"category","embeddable":true,"href":"http:\/\/elobservatorio.com.mx\/index.php?rest_route=%2Fwp%2Fv2%2Fcategories&post=29647"},{"taxonomy":"post_tag","embeddable":true,"href":"http:\/\/elobservatorio.com.mx\/index.php?rest_route=%2Fwp%2Fv2%2Ftags&post=29647"}],"curies":[{"name":"wp","href":"https:\/\/api.w.org\/{rel}","templated":true}]}}