{"id":29650,"date":"2024-02-09T23:56:58","date_gmt":"2024-02-10T05:56:58","guid":{"rendered":"https:\/\/elobservatorio.com.mx\/?p=29650"},"modified":"2024-02-09T23:56:58","modified_gmt":"2024-02-10T05:56:58","slug":"reunion-regional-de-la-red-de-tutorias-rco-de-anuies","status":"publish","type":"post","link":"http:\/\/elobservatorio.com.mx\/?p=29650","title":{"rendered":"Reuni\u00f3n regional de la Red de Tutor\u00edas RCO de ANUIES"},"content":{"rendered":"<p><em>*\u201cHe pedido a mis colaboradores que participen en las redes regionales y nacionales, porque en muchos temas tenemos camino recorrido y experiencia que compartir\u201d: Christian Torres Ortiz<\/em><em>.<\/em><\/p>\n<p>Con el fin de generar espacios para la exposici\u00f3n, reflexi\u00f3n y discusi\u00f3n de los distintos ejes que incluye la tutor\u00eda, este viernes se realiz\u00f3 en la Universidad de Colima (UdeC) la sesi\u00f3n ordinaria de la Red de Tutor\u00edas, en la que participaron 14 instituciones de Educaci\u00f3n Superior pertenecientes a la Regi\u00f3n Centro Occidente de la Asociaci\u00f3n Nacional de Universidades e Instituciones de Educaci\u00f3n Superior (ANUIES).<\/p>\n<p>Christian Torres Ortiz Zerme\u00f1o, rector de la UdeC, al dar la bienvenida se\u00f1al\u00f3 que la regi\u00f3n centro occidente tiene un com\u00fan denominador: \u201cEs muy din\u00e1mica por el tama\u00f1o de sus instituciones, que concentran una matr\u00edcula muy importante en Educaci\u00f3n Superior\u201d.<\/p>\n<p>En este sentido, continu\u00f3, \u201che pedido a mis colaboradores que participen en las redes regionales y nacionales, porque en muchos temas tenemos camino recorrido y experiencia que compartir. En el tema de tutor\u00edas, resalt\u00f3, \u201ctenemos una tradici\u00f3n institucional con dos d\u00e9cadas de trabajo constante\u201d.<\/p>\n<p>Sobre el trabajo en red, dijo que es estrat\u00e9gico, necesario y que funciona \u201cporque se conocen las mejores pr\u00e1cticas de otras instituciones; tenemos las condiciones para trabajar en conjunto, m\u00e1s en estos momentos de grandes desaf\u00edos, ya que la Ley General de Educaci\u00f3n Superior nos lleva a repensar, reorientar y reestructurar muchos temas\u201d.<\/p>\n<p>Posteriormente, Juan Antonio Zacar\u00edas S\u00e1nchez, coordinador de la Red de Tutor\u00edas ANUIES \u2013 RCO, resalt\u00f3 la importancia del tutor: \u201cForma parte de la columna vertebral de cualquier instituci\u00f3n educativa, m\u00e1s en estos tiempos que reinventamos la educaci\u00f3n con nuevas generaciones y tendencias, por lo que estas reuniones son una gran oportunidad para reflexionar sobre el tema\u201d.<\/p>\n<p>Por \u00faltimo, se\u00f1al\u00f3 que la Red de Tutor\u00edas tiene tres elementos importantes de trabajo: la primera es compartir las buenas pr\u00e1cticas entre las instituciones de la regi\u00f3n; la segunda es hacer investigaci\u00f3n y la tercera es el desarrollo y la capacitaci\u00f3n de sus integrantes.<\/p>\n<p>Durante la jornada, los y las asistentes participaron en el Taller de Herramientas de IA aplicadas a la acci\u00f3n tutorial, donde revisaron y analizaron herramientas para el desarrollo y la implementaci\u00f3n de proyectos de acci\u00f3n tutorial basados en la Inteligencia Artificial.<\/p>\n<p>Adem\u00e1s, se present\u00f3 el Plan de Trabajo Red de Tutor\u00edas RCO \u2013 ANUIES 2024, as\u00ed como el avance de propuestas de actualizaci\u00f3n para tutores.<\/p>\n<p>En esta reuni\u00f3n participaron la Universidad de Guadalajara, la Aut\u00f3noma de Guadalajara, la UNIVA, la Universidad Tecnol\u00f3gica de Le\u00f3n, el Tecnol\u00f3gico de Jiquilpan, la Universidad Aut\u00f3noma de Aguascalientes, Universidad Aut\u00f3noma de Nayarit, el Instituto Tecnol\u00f3gico de Colima, Instituto Tecnol\u00f3gico de Celaya, Instituto Tecnol\u00f3gico de Irapuato, la Universidad Michoacana de San Nicol\u00e1s de Hidalgo, la Universidad de Celaya y la UdeC.<\/p>\n","protected":false},"excerpt":{"rendered":"<p>*\u201cHe pedido a mis colaboradores que participen en las redes regionales y nacionales, porque en muchos temas tenemos camino recorrido y experiencia que compartir\u201d: Christian Torres Ortiz. Con el fin de generar espacios para la exposici\u00f3n, reflexi\u00f3n y discusi\u00f3n de los distintos ejes que incluye la tutor\u00eda, este viernes se realiz\u00f3 en la Universidad de&#8230;<\/p>\n","protected":false},"author":2,"featured_media":29651,"comment_status":"open","ping_status":"open","sticky":false,"template":"","format":"standard","meta":{"footnotes":""},"categories":[14],"tags":[29,30,28],"class_list":["post-29650","post","type-post","status-publish","format-standard","has-post-thumbnail","hentry","category-educacion-y-cultura","tag-grid","tag-news","tag-slider"],"_links":{"self":[{"href":"http:\/\/elobservatorio.com.mx\/index.php?rest_route=\/wp\/v2\/posts\/29650"}],"collection":[{"href":"http:\/\/elobservatorio.com.mx\/index.php?rest_route=\/wp\/v2\/posts"}],"about":[{"href":"http:\/\/elobservatorio.com.mx\/index.php?rest_route=\/wp\/v2\/types\/post"}],"author":[{"embeddable":true,"href":"http:\/\/elobservatorio.com.mx\/index.php?rest_route=\/wp\/v2\/users\/2"}],"replies":[{"embeddable":true,"href":"http:\/\/elobservatorio.com.mx\/index.php?rest_route=%2Fwp%2Fv2%2Fcomments&post=29650"}],"version-history":[{"count":1,"href":"http:\/\/elobservatorio.com.mx\/index.php?rest_route=\/wp\/v2\/posts\/29650\/revisions"}],"predecessor-version":[{"id":29652,"href":"http:\/\/elobservatorio.com.mx\/index.php?rest_route=\/wp\/v2\/posts\/29650\/revisions\/29652"}],"wp:featuredmedia":[{"embeddable":true,"href":"http:\/\/elobservatorio.com.mx\/index.php?rest_route=\/wp\/v2\/media\/29651"}],"wp:attachment":[{"href":"http:\/\/elobservatorio.com.mx\/index.php?rest_route=%2Fwp%2Fv2%2Fmedia&parent=29650"}],"wp:term":[{"taxonomy":"category","embeddable":true,"href":"http:\/\/elobservatorio.com.mx\/index.php?rest_route=%2Fwp%2Fv2%2Fcategories&post=29650"},{"taxonomy":"post_tag","embeddable":true,"href":"http:\/\/elobservatorio.com.mx\/index.php?rest_route=%2Fwp%2Fv2%2Ftags&post=29650"}],"curies":[{"name":"wp","href":"https:\/\/api.w.org\/{rel}","templated":true}]}}