{"id":29700,"date":"2024-02-15T14:05:50","date_gmt":"2024-02-15T20:05:50","guid":{"rendered":"http:\/\/elobservatorio.com.mx\/?p=29700"},"modified":"2024-02-15T14:05:50","modified_gmt":"2024-02-15T20:05:50","slug":"resuelve-margarita-moreno-donacion-de-terreno-en-beneficio-del-centro-albatros-iap","status":"publish","type":"post","link":"http:\/\/elobservatorio.com.mx\/?p=29700","title":{"rendered":"Resuelve Margarita Moreno donaci\u00f3n de terreno en beneficio del Centro Albatros IAP"},"content":{"rendered":"<p class=\"x_gmail-p1\"><em>*Tras 17 a\u00f1os de gesti\u00f3n, con el apoyo de la administraci\u00f3n de la presidenta Margarita Moreno, la instituci\u00f3n lograr\u00e1 obtener la propiedad definitiva de un terreno para la construcci\u00f3n de Centro de Desarrollo Integral de ni\u00f1as y ni\u00f1os con discapacidad.<\/em><\/p>\n<p class=\"x_gmail-p1\">La presidenta municipal de Colima, Margarita Moreno, refrend\u00f3 su compromiso de seguir apoyando las causas sociales en favor de las familias de la capital, al consumar la entrega definitiva de un terreno en el que se construir\u00e1 el Centro de Desarrollo Integral Albatros que apoyar\u00e1 el tratamiento de ni\u00f1as y ni\u00f1os con discapacidad.<\/p>\n<p class=\"x_gmail-p1\">Con el respaldo de la presidenta Margarita Moreno fue posible resolver el tr\u00e1mite para la donaci\u00f3n del predio que, durante 17 a\u00f1os, hab\u00eda permanecido sin resolverse, convirti\u00e9ndose en una limitante para que la instituci\u00f3n de asistencia social construyera sus instalaciones propias que, ahora, podr\u00e1n ser una realidad.<\/p>\n<p class=\"x_gmail-p1\">\u201cTodas y todos queremos que Colima sea el mejor lugar para vivir, que existan oportunidades para el desarrollo de las familia y, tambi\u00e9n, que propiciemos un Colima Humano en el que las ni\u00f1as y ni\u00f1os con alguna discapacidad puedan ser atendidos, ustedes hacen una gran labor y sabemos que el proyecto que tienen se seguir\u00e1 favoreciendo a m\u00e1s personas\u201d, coment\u00f3 la presidenta municipal.<\/p>\n<p class=\"x_gmail-p1\">Margarita Moreno se\u00f1al\u00f3 que se ha trabajado para que los tr\u00e1mites que se encontraban detenidos cumplan con todos los aspectos legales que garanticen su propiedad para las instituciones beneficiarias, considerando, principalmente, que exista certeza jur\u00eddica para el desarrollo de los proyectos que se van a emprender como ha ocurrido con las donaciones de predios para causas en favor de ni\u00f1as y ni\u00f1os con c\u00e1ncer, mujeres, y con el propio sindicato Uni\u00f3n y Armon\u00eda, en lo que va de su administraci\u00f3n.<\/p>\n<p class=\"x_gmail-p1\">Ana Roc\u00edo Rivera Quintero, presidenta del Patronato Albatros IAP, agradeci\u00f3 el respaldo de la presidenta municipal para alcanzar este prop\u00f3sito que se ten\u00eda por parte de la instituci\u00f3n para contar con un terreno propio, en el que se puedan crear espacios adecuados para las terapias que se realizan en favor de ni\u00f1as, ni\u00f1os con alguna discapacidad.<\/p>\n<p class=\"x_gmail-p1\">\u201cSon 17 a\u00f1os en total que se ha esperado, pero son dos a\u00f1os que con el apoyo de la presidenta<span class=\"x_gmail-Apple-converted-space\">\u00a0\u00a0<\/span>se trabaj\u00f3 para destrabar definitivamente este tema y que nos da certeza de contar con un terreno para crear un centro \u00fanico en Colima en beneficio de ni\u00f1as y ni\u00f1os con discapacidad\u201d, coment\u00f3.<\/p>\n<p class=\"x_gmail-p1\">La directora y creadora de Albatros IAP, as\u00ed como presidenta de la Junta de Asistencia Privada de Colima, Mar\u00eda Luisa Gonz\u00e1lez Andr\u00e9, agradeci\u00f3 el acompa\u00f1amiento que se dio por parte de la administraci\u00f3n de la presidenta Margarita Moreno para resolver esta donaci\u00f3n que, refiri\u00f3, har\u00e1 posible el inicio de las acciones de construcci\u00f3n del nuevo centro Albatros Colima que podr\u00eda iniciarse este mismo a\u00f1o para la capital colimense.<\/p>\n<p class=\"x_gmail-p1\">Carlos C\u00e1rdenas Roque, director general de Desarrollo Econ\u00f3mico, Social y Humano del Ayuntamiento de Colima, expres\u00f3 que desde que se tuvo conocimiento del tema por parte de la presidenta municipal de este tema, ha fue una encomienda que se tom\u00f3 para dar respuesta a la solicitud, pero que esta fuera con todos los criterios de ley que garanticen el objetivo y den certeza de propiedad a la instituci\u00f3n.<\/p>\n","protected":false},"excerpt":{"rendered":"<p>*Tras 17 a\u00f1os de gesti\u00f3n, con el apoyo de la administraci\u00f3n de la presidenta Margarita Moreno, la instituci\u00f3n lograr\u00e1 obtener la propiedad definitiva de un terreno para la construcci\u00f3n de Centro de Desarrollo Integral de ni\u00f1as y ni\u00f1os con discapacidad. La presidenta municipal de Colima, Margarita Moreno, refrend\u00f3 su compromiso de seguir apoyando las causas&#8230;<\/p>\n","protected":false},"author":2,"featured_media":29701,"comment_status":"open","ping_status":"open","sticky":false,"template":"","format":"standard","meta":{"footnotes":""},"categories":[36,8],"tags":[29,30,28],"class_list":["post-29700","post","type-post","status-publish","format-standard","has-post-thumbnail","hentry","category-colima","category-municipios","tag-grid","tag-news","tag-slider"],"_links":{"self":[{"href":"http:\/\/elobservatorio.com.mx\/index.php?rest_route=\/wp\/v2\/posts\/29700"}],"collection":[{"href":"http:\/\/elobservatorio.com.mx\/index.php?rest_route=\/wp\/v2\/posts"}],"about":[{"href":"http:\/\/elobservatorio.com.mx\/index.php?rest_route=\/wp\/v2\/types\/post"}],"author":[{"embeddable":true,"href":"http:\/\/elobservatorio.com.mx\/index.php?rest_route=\/wp\/v2\/users\/2"}],"replies":[{"embeddable":true,"href":"http:\/\/elobservatorio.com.mx\/index.php?rest_route=%2Fwp%2Fv2%2Fcomments&post=29700"}],"version-history":[{"count":1,"href":"http:\/\/elobservatorio.com.mx\/index.php?rest_route=\/wp\/v2\/posts\/29700\/revisions"}],"predecessor-version":[{"id":29702,"href":"http:\/\/elobservatorio.com.mx\/index.php?rest_route=\/wp\/v2\/posts\/29700\/revisions\/29702"}],"wp:featuredmedia":[{"embeddable":true,"href":"http:\/\/elobservatorio.com.mx\/index.php?rest_route=\/wp\/v2\/media\/29701"}],"wp:attachment":[{"href":"http:\/\/elobservatorio.com.mx\/index.php?rest_route=%2Fwp%2Fv2%2Fmedia&parent=29700"}],"wp:term":[{"taxonomy":"category","embeddable":true,"href":"http:\/\/elobservatorio.com.mx\/index.php?rest_route=%2Fwp%2Fv2%2Fcategories&post=29700"},{"taxonomy":"post_tag","embeddable":true,"href":"http:\/\/elobservatorio.com.mx\/index.php?rest_route=%2Fwp%2Fv2%2Ftags&post=29700"}],"curies":[{"name":"wp","href":"https:\/\/api.w.org\/{rel}","templated":true}]}}