{"id":29703,"date":"2024-02-15T14:28:29","date_gmt":"2024-02-15T20:28:29","guid":{"rendered":"http:\/\/elobservatorio.com.mx\/?p=29703"},"modified":"2024-02-15T14:28:29","modified_gmt":"2024-02-15T20:28:29","slug":"ayuntamiento-de-manzanillo-sigue-dando-resultados-en-materia-de-seguridad","status":"publish","type":"post","link":"http:\/\/elobservatorio.com.mx\/?p=29703","title":{"rendered":"Ayuntamiento de Manzanillo sigue dando resultados en materia de seguridad"},"content":{"rendered":"<p>Por instrucciones de la presidenta Griselda Mart\u00ednez se llevan a cabo acciones diarias para mejorar la seguridad de Manzanillo, a trav\u00e9s de la direcci\u00f3n general de Seguridad P\u00fablica y Polic\u00eda Vial, se realizan operativos, diversa atenci\u00f3n y charlas preventivas para fomentar valores en la ni\u00f1ez y en la juventud.<\/p>\n<p>En este sentido y de acuerdo con los reportes presentados por la direcci\u00f3n municipal en el ramo, se llev\u00f3 a cabo el operativo especial, \u201cEscuela Segura\u201d, durante el ingreso y salida de las y los alumnos en diversas escuelas.<\/p>\n<p>Adem\u00e1s, a trav\u00e9s de distintos patrullajes en colonias se detuvieron a tres personas por delitos contra la salud, as\u00ed como a 16 por faltas administrativas y fueron aseguradas dosis de ice.<\/p>\n<p>Fueron atendidos 7 accidentes de autos, sin personas lesionadas; se aplicaron 20 infracciones por violaci\u00f3n al Reglamento de Tr\u00e1nsito Municipal y 7 veh\u00edculos fueron remitidos al corral\u00f3n por no respetar dicho ordenamiento.<\/p>\n<p>A trav\u00e9s de la direcci\u00f3n de Prevenci\u00f3n Social del Delito, se impartieron charlas preventivas de los programas Polic\u00edas Previniendo el Delito (P.P.D) y Educaci\u00f3n para Resistir el Abuso de Drogas y No a la Violencia (D.A.R.E.), estas acciones en la escuela Gloria Zamorano Huerta turnos matutino y vespertino, donde fueron beneficiados 512 alumnos y alumnas.<\/p>\n<p>Asimismo, fue impartida la segunda parte del taller de Mediaci\u00f3n comunitaria en la delegaci\u00f3n de Santiago. Y se apoy\u00f3 a la Coordinaci\u00f3n del Sistema Municipal de Justicia C\u00edvica en localizaci\u00f3n de familiares de persona con alerta Alba.<\/p>\n<p>&nbsp;<\/p>\n<p>&nbsp;<\/p>\n","protected":false},"excerpt":{"rendered":"<p>Por instrucciones de la presidenta Griselda Mart\u00ednez se llevan a cabo acciones diarias para mejorar la seguridad de Manzanillo, a trav\u00e9s de la direcci\u00f3n general de Seguridad P\u00fablica y Polic\u00eda Vial, se realizan operativos, diversa atenci\u00f3n y charlas preventivas para fomentar valores en la ni\u00f1ez y en la juventud. En este sentido y de acuerdo&#8230;<\/p>\n","protected":false},"author":2,"featured_media":29704,"comment_status":"open","ping_status":"open","sticky":false,"template":"","format":"standard","meta":{"footnotes":""},"categories":[35,8],"tags":[29,30,28],"class_list":["post-29703","post","type-post","status-publish","format-standard","has-post-thumbnail","hentry","category-manzanillo","category-municipios","tag-grid","tag-news","tag-slider"],"_links":{"self":[{"href":"http:\/\/elobservatorio.com.mx\/index.php?rest_route=\/wp\/v2\/posts\/29703"}],"collection":[{"href":"http:\/\/elobservatorio.com.mx\/index.php?rest_route=\/wp\/v2\/posts"}],"about":[{"href":"http:\/\/elobservatorio.com.mx\/index.php?rest_route=\/wp\/v2\/types\/post"}],"author":[{"embeddable":true,"href":"http:\/\/elobservatorio.com.mx\/index.php?rest_route=\/wp\/v2\/users\/2"}],"replies":[{"embeddable":true,"href":"http:\/\/elobservatorio.com.mx\/index.php?rest_route=%2Fwp%2Fv2%2Fcomments&post=29703"}],"version-history":[{"count":1,"href":"http:\/\/elobservatorio.com.mx\/index.php?rest_route=\/wp\/v2\/posts\/29703\/revisions"}],"predecessor-version":[{"id":29705,"href":"http:\/\/elobservatorio.com.mx\/index.php?rest_route=\/wp\/v2\/posts\/29703\/revisions\/29705"}],"wp:featuredmedia":[{"embeddable":true,"href":"http:\/\/elobservatorio.com.mx\/index.php?rest_route=\/wp\/v2\/media\/29704"}],"wp:attachment":[{"href":"http:\/\/elobservatorio.com.mx\/index.php?rest_route=%2Fwp%2Fv2%2Fmedia&parent=29703"}],"wp:term":[{"taxonomy":"category","embeddable":true,"href":"http:\/\/elobservatorio.com.mx\/index.php?rest_route=%2Fwp%2Fv2%2Fcategories&post=29703"},{"taxonomy":"post_tag","embeddable":true,"href":"http:\/\/elobservatorio.com.mx\/index.php?rest_route=%2Fwp%2Fv2%2Ftags&post=29703"}],"curies":[{"name":"wp","href":"https:\/\/api.w.org\/{rel}","templated":true}]}}