{"id":29781,"date":"2024-02-27T22:03:57","date_gmt":"2024-02-28T04:03:57","guid":{"rendered":"https:\/\/elobservatorio.com.mx\/?p=29781"},"modified":"2024-02-27T22:03:57","modified_gmt":"2024-02-28T04:03:57","slug":"en-cuauhtemoc-inician-rehabilitacion-de-la-cancha-de-barrios","status":"publish","type":"post","link":"http:\/\/elobservatorio.com.mx\/?p=29781","title":{"rendered":"En Cuauht\u00e9moc, inician rehabilitaci\u00f3n de la Cancha de Barrios"},"content":{"rendered":"<p><em>*Tambi\u00e9n el reencarpetamiento de calle Madero en Palmillas; ambas obras tendr\u00e1n una inversi\u00f3n de $3.5 millones.<\/em><\/p>\n<p>La alcaldesa de Cuauht\u00e9moc, Gabriela Mej\u00eda Mart\u00ednez, encabez\u00f3 el arranque de importantes obras que suman una inversi\u00f3n de 3.5 millones de pesos, donde destaca la rehabilitaci\u00f3n de la emblem\u00e1tica Cancha de Barrios de la cabecera municipal, misma que ser\u00e1 intervenida para que vuelva a ser un espacio digno de la pr\u00e1ctica deportiva y la convivencia.<\/p>\n<p>Acompa\u00f1ada por el p\u00e1rroco, Armando Espinoza; por el presidente del comit\u00e9 pro-obra, Trinidad Monroy, integrantes del cabildo, deportistas, funcionarios y representantes de la empresa constructora; la presidenta dijo que el objetivo es que la cancha vuelva a ser ese lugar de encuentro al que acudan ni\u00f1os y j\u00f3venes, y que se organicen nuevamente los torneos que tantas emociones y satisfacciones dieron a la poblaci\u00f3n, adem\u00e1s de que se pueda utilizar para otras actividades culturales.<\/p>\n<p>\u201cQueremos volver a darle vida a este lugar aun con las limitantes que tenemos en materia financiera, nos lo propusimos y lo vamos a lograr. Nos sentimos satisfechos de atender a la cabecera municipal y a todas las comunidades por lo menos con una acci\u00f3n, se pudo porque hicimos las cosas de forma correcta y honesta, y eso nos permiti\u00f3 hacer mucho con poco\u201d.<\/p>\n<p>Al explicar los pormenores de la obra, el director de Planeaci\u00f3n y Desarrollo Municipal, Ruperto Cruz, dijo que \u00e9sta se concluir\u00eda en el mes de abril, que tendr\u00e1 una inversi\u00f3n de un mill\u00f3n 280 mil pesos y que contempla la rehabilitaci\u00f3n de la grader\u00eda da\u00f1ada; la reposici\u00f3n de la malla galvanizada, el alumbrado, tableros profesionales, rehabilitaci\u00f3n de bancas y pintura de vinil-acr\u00edlica de alta pigmentaci\u00f3n con superficie antiderrapante.<\/p>\n<p>La segunda obra a la que dio el banderazo de inicio la presidenta, tendr\u00e1 una inversi\u00f3n de dos millones 173 mil pesos, y se trata del reencarpetamiento con concreto asf\u00e1ltico de la calle Francisco I. Madero, en la localidad de Palmillas; misma que contempla el tramo que va del entronque con la carretera a la calle Vicente Guerrero.<\/p>\n<p>Al iniciar estos trabajos, Mej\u00eda Mart\u00ednez se\u00f1al\u00f3 que para su gobierno es muy importante seguir llevando beneficios e ir paso a paso atendiendo las demandas de cada una de las localidades y realizando obras que en verdad sirvan por muchos a\u00f1os y resuelvan los problemas que se tienen.<\/p>\n","protected":false},"excerpt":{"rendered":"<p>*Tambi\u00e9n el reencarpetamiento de calle Madero en Palmillas; ambas obras tendr\u00e1n una inversi\u00f3n de $3.5 millones. La alcaldesa de Cuauht\u00e9moc, Gabriela Mej\u00eda Mart\u00ednez, encabez\u00f3 el arranque de importantes obras que suman una inversi\u00f3n de 3.5 millones de pesos, donde destaca la rehabilitaci\u00f3n de la emblem\u00e1tica Cancha de Barrios de la cabecera municipal, misma que ser\u00e1&#8230;<\/p>\n","protected":false},"author":2,"featured_media":29782,"comment_status":"open","ping_status":"open","sticky":false,"template":"","format":"standard","meta":{"footnotes":""},"categories":[40,8],"tags":[29,30,28],"class_list":["post-29781","post","type-post","status-publish","format-standard","has-post-thumbnail","hentry","category-cuauhtemoc","category-municipios","tag-grid","tag-news","tag-slider"],"_links":{"self":[{"href":"http:\/\/elobservatorio.com.mx\/index.php?rest_route=\/wp\/v2\/posts\/29781"}],"collection":[{"href":"http:\/\/elobservatorio.com.mx\/index.php?rest_route=\/wp\/v2\/posts"}],"about":[{"href":"http:\/\/elobservatorio.com.mx\/index.php?rest_route=\/wp\/v2\/types\/post"}],"author":[{"embeddable":true,"href":"http:\/\/elobservatorio.com.mx\/index.php?rest_route=\/wp\/v2\/users\/2"}],"replies":[{"embeddable":true,"href":"http:\/\/elobservatorio.com.mx\/index.php?rest_route=%2Fwp%2Fv2%2Fcomments&post=29781"}],"version-history":[{"count":1,"href":"http:\/\/elobservatorio.com.mx\/index.php?rest_route=\/wp\/v2\/posts\/29781\/revisions"}],"predecessor-version":[{"id":29783,"href":"http:\/\/elobservatorio.com.mx\/index.php?rest_route=\/wp\/v2\/posts\/29781\/revisions\/29783"}],"wp:featuredmedia":[{"embeddable":true,"href":"http:\/\/elobservatorio.com.mx\/index.php?rest_route=\/wp\/v2\/media\/29782"}],"wp:attachment":[{"href":"http:\/\/elobservatorio.com.mx\/index.php?rest_route=%2Fwp%2Fv2%2Fmedia&parent=29781"}],"wp:term":[{"taxonomy":"category","embeddable":true,"href":"http:\/\/elobservatorio.com.mx\/index.php?rest_route=%2Fwp%2Fv2%2Fcategories&post=29781"},{"taxonomy":"post_tag","embeddable":true,"href":"http:\/\/elobservatorio.com.mx\/index.php?rest_route=%2Fwp%2Fv2%2Ftags&post=29781"}],"curies":[{"name":"wp","href":"https:\/\/api.w.org\/{rel}","templated":true}]}}