{"id":29790,"date":"2024-02-28T21:49:12","date_gmt":"2024-02-29T03:49:12","guid":{"rendered":"https:\/\/elobservatorio.com.mx\/?p=29790"},"modified":"2024-02-28T21:49:12","modified_gmt":"2024-02-29T03:49:12","slug":"seguimos-el-ejemplo-de-mujeres-valientes-para-construir-un-mejor-colima-margarita-moreno","status":"publish","type":"post","link":"http:\/\/elobservatorio.com.mx\/?p=29790","title":{"rendered":"Seguimos el ejemplo de mujeres valientes para construir un mejor Colima: Margarita Moreno\u00a0"},"content":{"rendered":"<p class=\"x_gmail-p1\"><em>*La presidenta municipal de Colima entreg\u00f3 la presea Mujer Colima 2024 a 10 destacadas mujeres de la capital del estado<span class=\"x_gmail-Apple-converted-space\">\u00a0<\/span><\/em><\/p>\n<p class=\"x_gmail-p1\">Al resaltar que sigue el ejemplo valiente de su madre, la presidenta municipal de Colima, Margarita Moreno, encabez\u00f3 la Sesi\u00f3n Solemne de Cabildo, en la cual entregaron los reconocimientos \u201cMujer colima 2024\u201d a las 10 ganadoras, quienes destacaron en los rubros de trabajo social, preservaci\u00f3n del medio ambiente, desarrollo rural, ciencia y tecnolog\u00eda, \u00e1mbito deportivo, sector empresarial, derechos humanos, arte y \u00e1mbito acad\u00e9mico.<span class=\"x_gmail-Apple-converted-space\">\u00a0<\/span><\/p>\n<p class=\"x_gmail-p1\">Luego de presentar los videos con la historia de cada una de las galardonadas, la presidenta entreg\u00f3 las preseas en la categor\u00eda de Trabajo Social a Mar\u00eda de los \u00c1ngeles Rivera Osuna; Preservaci\u00f3n del Medio Ambiente a Catalina Rodr\u00edguez L\u00f3pez; Desarrollo Rural a Cristi Nataly Heredia Valdovinos; Ciencia o la Tecnolog\u00eda a Silvia Guillermina Ceballos Maga\u00f1a y ambito Deportivo: Mara L\u00f3pez Llerenas Brizuela y Gladys Ver\u00f3nica G\u00e1lvez Mart\u00ednez.<span class=\"x_gmail-Apple-converted-space\">\u00a0<\/span><\/p>\n<p class=\"x_gmail-p1\">Asimismo, tambi\u00e9n entreg\u00f3 la presea \u201cMujer Colima 2024\u201d a Elsa Arrellano Valle, en la categor\u00eda de Sector Empresarial y\/o Comercial; en Promoci\u00f3n y Defensa de los Derechos Humanos a Leticia Zepeda Mesina; en Arte y la Cultura a Dalia Hazel Covarrubias Velasco, y en la categor\u00eda de \u00c1mbito Acad\u00e9mico a Ximena Zacar\u00edas Salinas.<span class=\"x_gmail-Apple-converted-space\">\u00a0<\/span><\/p>\n<p class=\"x_gmail-p1\">Adem\u00e1s, Margarita Moreno tambi\u00e9n entreg\u00f3 un reconocimiento por su valiosa participaci\u00f3n en la Convocatoria Mujer Colima 2024 a Ana Gabriela Garc\u00eda Olea. Al final, se tuvo tambi\u00e9n la participaci\u00f3n de Ni\u00f1as del Coro \u201cCoral\u201d de la Universidad de Colima.<\/p>\n<p class=\"x_gmail-p1\">En su mensaje, la presidenta Margarita Moreno afirm\u00f3 que la mujer es un pilar de la familia y un ejemplo de trabajo y perseverancia en todos los \u00e1mbitos de la sociedad, como se acredita con la entrega de estas preseas en el marco del D\u00eda Internacional de la Mujer.<span class=\"x_gmail-Apple-converted-space\">\u00a0<\/span><\/p>\n<p class=\"x_gmail-p1\">\u201cNos motivan e impulsan esas mujeres valientes, intr\u00e9pidas, que cada d\u00eda se esmeran para tratar de que el mundo sea un mejor lugar, las que buscan igualdad y erradicar cualquier tipo de violencia, las que cada d\u00eda se levantan a trabajar con una doble jornada muchas veces no reconocida ni remunerada. Las mujeres emprendedoras, las mujeres del campo, nuestras ni\u00f1as, nuestras j\u00f3venes y nuestras mujeres adultas mayores\u201d, expres\u00f3.<span class=\"x_gmail-Apple-converted-space\">\u00a0<\/span><\/p>\n<p class=\"x_gmail-p1\">Margarita Moreno reconoci\u00f3 los atributos de cada una de las recipiendarias de la presea Mujer Colima 2024 y sus aportaciones que fueron de una importancia invaluable en la construcci\u00f3n de un municipio con m\u00e1s derechos y oportunidades para las mujeres.<\/p>\n<p class=\"x_gmail-p1\">\u201cTodas y cada una de ustedes con su lucha diaria, su dedicaci\u00f3n, disciplina, esp\u00edritu de servicio, inteligencia, creatividad y todos sus talentos, est\u00e1n dejando un legado en la historia de las Mujeres en Colima, porque con sus acciones nos inspiran y nos llenan de orgullo\u201d, manifest\u00f3 Margarita Moreno.<span class=\"x_gmail-Apple-converted-space\">\u00a0<\/span><\/p>\n<p class=\"x_gmail-p1\">La presidenta municipal hizo un resumen de las acciones y programas implementados a favor de las mujeres en la capital, como la campa\u00f1a \u201cNo es normal, pide apoyo\u201d para prevenir la violencia, el programa \u201cMujeres trabajando\u201d para empoderar econ\u00f3micamente a las mujeres, \u201cPongamos el ejemplo\u201d con el que se capacitaron en cuestiones de g\u00e9nero a m\u00e1s de 500 trabajadores del municipio y el arranque del Corredor seguro para garantizar la movilidad segura de ni\u00f1as y mujeres.<span class=\"x_gmail-Apple-converted-space\">\u00a0<\/span><\/p>\n<p class=\"x_gmail-p1\">\u201cPor todo esto, en el Ayuntamiento de Colima, por las ni\u00f1as, por las mujeres, por las familias de Colima, por un Colima m\u00e1s humano, seguimos poniendo contigo, \u00a1Manos a la obra!\u201d, concluy\u00f3 su mensaje la presidenta Margarita Moreno.<span class=\"x_gmail-Apple-converted-space\">\u00a0<\/span><\/p>\n<p class=\"x_gmail-p1\">Por su parte, a nombre de las galardonadas, Leticia Zepeda Mesina, record\u00f3 que durante muchos a\u00f1os la participaci\u00f3n de la mujer en espacios de decisi\u00f3n fue casi nula, por lo que resalt\u00f3 la importancia hist\u00f3rica de que, por primera vez, en 500 a\u00f1os, Margarita Moreno es la primera mujer en ser electa para presidenta municipal de Colima.<span class=\"x_gmail-Apple-converted-space\">\u00a0<\/span><\/p>\n<p class=\"x_gmail-p1\">\u201cCeremonias como esta tambi\u00e9n nos da el pretexto perfecto para agradecer a quienes son nuestro impulso diario, en el d\u00eda a d\u00eda, nuestras compa\u00f1eras de lucha con quienes compartimos este reconocimiento, en mi caso con mis queridas 50+1 que el d\u00eda de hoy tampoco me han dejado sola\u201d, expres\u00f3 la galardonada.<span class=\"x_gmail-Apple-converted-space\">\u00a0<\/span><\/p>\n<p class=\"x_gmail-p1\">En su intervenci\u00f3n, la regidora Miryan Rosendo Le\u00f3n explic\u00f3 que a\u00fan persisten grandes retos estructurales para lograr la igualdad, por lo que destac\u00f3 el trabajo pionero y liderazgo de las galardonadas en esta edici\u00f3n de Mujer Colima 2024, quienes representan un ejemplo a seguir.<span class=\"x_gmail-Apple-converted-space\">\u00a0<\/span><\/p>\n<p class=\"x_gmail-p1\">Por su parte, Pastora Ferr\u00e1ez Lepe, directora del Instituto de las Mujeres para el Municipio de Colima, felicit\u00f3 a las 10 mujeres que recibieron la presea \u201cMujer Colima 2024\u201d quienes fueron elegidas por el consejo del Instituto de las Mujeres y ratificadas por el Cabildo del Ayuntamiento de Colima y cuyas nominaciones fueron propuestas por los sectores de la sociedad civil organizada.<\/p>\n<p class=\"x_gmail-p1\">\n<p class=\"x_gmail-p1\">En la sesi\u00f3n solemne estuvieron presentes las y los regidores del Ayuntamiento de Colima, as\u00ed como Mayra Gonz\u00e1lez Flores, en representaci\u00f3n de Christian Jorge Torres Ortiz Zerme\u00f1o, Rector de la Universidad de Colima.<\/p>\n","protected":false},"excerpt":{"rendered":"<p>*La presidenta municipal de Colima entreg\u00f3 la presea Mujer Colima 2024 a 10 destacadas mujeres de la capital del estado\u00a0 Al resaltar que sigue el ejemplo valiente de su madre, la presidenta municipal de Colima, Margarita Moreno, encabez\u00f3 la Sesi\u00f3n Solemne de Cabildo, en la cual entregaron los reconocimientos \u201cMujer colima 2024\u201d a las 10&#8230;<\/p>\n","protected":false},"author":2,"featured_media":29791,"comment_status":"open","ping_status":"open","sticky":false,"template":"","format":"standard","meta":{"footnotes":""},"categories":[36,8],"tags":[29,30,28],"class_list":["post-29790","post","type-post","status-publish","format-standard","has-post-thumbnail","hentry","category-colima","category-municipios","tag-grid","tag-news","tag-slider"],"_links":{"self":[{"href":"http:\/\/elobservatorio.com.mx\/index.php?rest_route=\/wp\/v2\/posts\/29790"}],"collection":[{"href":"http:\/\/elobservatorio.com.mx\/index.php?rest_route=\/wp\/v2\/posts"}],"about":[{"href":"http:\/\/elobservatorio.com.mx\/index.php?rest_route=\/wp\/v2\/types\/post"}],"author":[{"embeddable":true,"href":"http:\/\/elobservatorio.com.mx\/index.php?rest_route=\/wp\/v2\/users\/2"}],"replies":[{"embeddable":true,"href":"http:\/\/elobservatorio.com.mx\/index.php?rest_route=%2Fwp%2Fv2%2Fcomments&post=29790"}],"version-history":[{"count":1,"href":"http:\/\/elobservatorio.com.mx\/index.php?rest_route=\/wp\/v2\/posts\/29790\/revisions"}],"predecessor-version":[{"id":29792,"href":"http:\/\/elobservatorio.com.mx\/index.php?rest_route=\/wp\/v2\/posts\/29790\/revisions\/29792"}],"wp:featuredmedia":[{"embeddable":true,"href":"http:\/\/elobservatorio.com.mx\/index.php?rest_route=\/wp\/v2\/media\/29791"}],"wp:attachment":[{"href":"http:\/\/elobservatorio.com.mx\/index.php?rest_route=%2Fwp%2Fv2%2Fmedia&parent=29790"}],"wp:term":[{"taxonomy":"category","embeddable":true,"href":"http:\/\/elobservatorio.com.mx\/index.php?rest_route=%2Fwp%2Fv2%2Fcategories&post=29790"},{"taxonomy":"post_tag","embeddable":true,"href":"http:\/\/elobservatorio.com.mx\/index.php?rest_route=%2Fwp%2Fv2%2Ftags&post=29790"}],"curies":[{"name":"wp","href":"https:\/\/api.w.org\/{rel}","templated":true}]}}