{"id":29793,"date":"2024-02-28T22:15:00","date_gmt":"2024-02-29T04:15:00","guid":{"rendered":"https:\/\/elobservatorio.com.mx\/?p=29793"},"modified":"2024-02-28T22:15:23","modified_gmt":"2024-02-29T04:15:23","slug":"griselda-martinez-da-bienvenida-a-tercera-generacion-de-cadetes-como-tecnicos-profesionales-en-seguridad","status":"publish","type":"post","link":"http:\/\/elobservatorio.com.mx\/?p=29793","title":{"rendered":"Griselda Mart\u00ednez da bienvenida a Tercera Generaci\u00f3n de cadetes como T\u00e9cnicos profesionales en Seguridad"},"content":{"rendered":"<p><em>*El Instituto Estatal de Estudios Superiores en Seguridad y Profesionalizaci\u00f3n Policial del Estado de Michoac\u00e1n, entreg\u00f3 certificados\u00a0 a la segunda generaci\u00f3n.<\/em><\/p>\n<p>La presidenta de Manzanillo, Griselda Mart\u00ednez encabez\u00f3 la ceremonia de inauguraci\u00f3n de la Tercer Generaci\u00f3n de Polic\u00edas Preventivos Municipales, quienes cursar\u00e1n la formaci\u00f3n inicial de T\u00e9cnico Superior Universitario (TSU) en Seguridad P\u00fablica, conocimientos que ser\u00e1n impartidos por el Instituto Estatal de Estudios Superiores en Seguridad y Profesionalizaci\u00f3n Policial del Estado de Michoac\u00e1n.<\/p>\n<p>Desde las instalaciones de la direcci\u00f3n general de Seguridad P\u00fablica y Polic\u00eda Vial, y con la presencia de la directora general del Instituto Estatal de Estudios Superiores en Seguridad y Profesionalizaci\u00f3n Policial del Estado de Michoac\u00e1n Julisa Su\u00e1rez Bucio, dicha instituci\u00f3n entreg\u00f3 certificados a 47 cadetes pertenecientes a la Segunda Generaci\u00f3n.<\/p>\n<p>En esta ocasi\u00f3n, son 50 cadetes, hombres y mujeres que cursar\u00e1n 2 mil 880 horas de formaci\u00f3n efectivas, te\u00f3rica y pr\u00e1ctica.<\/p>\n<p>Con el mensaje, \u201cact\u00faen con dignidad, justicia, honestidad y con humanidad, y con la dureza que se tiene que tener para hacer su trabajo\u201d, la presidenta de Manzanillo, Griselda Mart\u00ednez les dirigi\u00f3 un mensaje a las y los cadetes que inician su formaci\u00f3n inicial y a quienes recibieron certificados, \u201csiempre ap\u00e9guense a los valores y principios\u201d.<\/p>\n<p>La alcaldesa, destac\u00f3 que la de Manzanillo, es la \u00fanica polic\u00eda que inici\u00f3 con la profesionalizaci\u00f3n hace 2 a\u00f1os, \u201ctenemos a la polic\u00eda m\u00e1s digna de todo el estado de Colima. Y los resultados est\u00e1 en que ha mejorado la percepci\u00f3n de las y los manzanillenses; cuando llegamos hace casi 6 a\u00f1os la gente no sal\u00eda a las calles, no hab\u00eda eventos culturales, Manzanillo cambi\u00f3 a lo largos de los a\u00f1os, ustedes van a eventos y se han portado muy bien, la gente tambi\u00e9n est\u00e1 cambiado, cuando cambia el gobierno tambi\u00e9n cambia la gente\u201d.<\/p>\n<p>Mencion\u00f3 que, en Manzanillo, el sueldo de la corporaci\u00f3n policiaca es la m\u00e1s alto en todo el estado y que adem\u00e1s tiene las mejores instalaciones de todo Colima, por ello adelant\u00f3 que en d\u00edas pr\u00f3ximos se construir\u00e1n dormitorios para mejorar a\u00fan m\u00e1s las condiciones laborales.<\/p>\n<p>La alcaldesa resalt\u00f3 que la polic\u00eda de Manzanillo es la que m\u00e1s detenciones hace, \u201cya van m\u00e1s de 30 mil detenciones, el Juzgado C\u00edvico nos ayuda mucho; la gente conf\u00eda porque no hay violencia y se privilegian el respeto a los derechos humanos. Somos una polic\u00eda que si nos provoca no respondemos, usamos la fuerza cuando haya necesidad\u201d.<\/p>\n<p>En su mensaje, la directora general Instituto Estatal de Estudios Superiores en Seguridad y Profesionalizaci\u00f3n Policial del Estado de Michoac\u00e1n, Maribel Julissa Su\u00e1rez Bucio, expres\u00f3 su agradecimiento por hacer, de la instituci\u00f3n que representa, parte de una nueva y mejor polic\u00eda en Manzanillo, \u201cdemuestran con hechos que si se puede hacer las cosas. Este 28 de febrero es un d\u00eda hist\u00f3rico, nace una nueva generaci\u00f3n de hacer las cosas para ser los mejores polic\u00edas de M\u00e9xico nunca olviden su actitud en el trabajo, siempre apegados a la legalidad a los derechos humanos ser cordiales con la gente ser ejemplo para su familia compa\u00f1eros y para todos\u201d.<\/p>\n<p>Mencion\u00f3 que el titular del Secretariado Ejecutivo del Sistema Nacional de Seguridad P\u00fablica, le coment\u00f3 de manera personal los buenos resultados que est\u00e1 dando la Polic\u00eda de Manzanillo, \u201cy esto se debe a la profesionalizaci\u00f3n, a que ha mejorado la percepci\u00f3n y se ha reducido la violencia. Seguiremos construyendo la armon\u00eda y la paz para Manzanillo\u201d.<\/p>\n<p>Esta ceremonia, adem\u00e1s de la presidenta municipal, Griselda Mart\u00ednez, estuvo encabezada por el comandante de la Fuerza Naval del Pac\u00edfico, Armando P\u00e9rez; la directora general Instituto Estatal de Estudios Superiores en Seguridad y Profesionalizaci\u00f3n Policial del Estado de Michoac\u00e1n, Maribel Julissa Su\u00e1rez Bucio; el director general de Seguridad P\u00fablica y Polic\u00eda Vial, Fernando Winfield Torres; en representaci\u00f3n de la D\u00e9cima Regional Naval, Dar\u00edo Mixweiro y el director del centro de Evaluaci\u00f3n y Control de Confianza del estado de Colima, Alfonso Garfias.<\/p>\n","protected":false},"excerpt":{"rendered":"<p>*El Instituto Estatal de Estudios Superiores en Seguridad y Profesionalizaci\u00f3n Policial del Estado de Michoac\u00e1n, entreg\u00f3 certificados\u00a0 a la segunda generaci\u00f3n. La presidenta de Manzanillo, Griselda Mart\u00ednez encabez\u00f3 la ceremonia de inauguraci\u00f3n de la Tercer Generaci\u00f3n de Polic\u00edas Preventivos Municipales, quienes cursar\u00e1n la formaci\u00f3n inicial de T\u00e9cnico Superior Universitario (TSU) en Seguridad P\u00fablica, conocimientos que&#8230;<\/p>\n","protected":false},"author":2,"featured_media":29794,"comment_status":"open","ping_status":"open","sticky":false,"template":"","format":"standard","meta":{"footnotes":""},"categories":[35,8],"tags":[29,30,28],"class_list":["post-29793","post","type-post","status-publish","format-standard","has-post-thumbnail","hentry","category-manzanillo","category-municipios","tag-grid","tag-news","tag-slider"],"_links":{"self":[{"href":"http:\/\/elobservatorio.com.mx\/index.php?rest_route=\/wp\/v2\/posts\/29793"}],"collection":[{"href":"http:\/\/elobservatorio.com.mx\/index.php?rest_route=\/wp\/v2\/posts"}],"about":[{"href":"http:\/\/elobservatorio.com.mx\/index.php?rest_route=\/wp\/v2\/types\/post"}],"author":[{"embeddable":true,"href":"http:\/\/elobservatorio.com.mx\/index.php?rest_route=\/wp\/v2\/users\/2"}],"replies":[{"embeddable":true,"href":"http:\/\/elobservatorio.com.mx\/index.php?rest_route=%2Fwp%2Fv2%2Fcomments&post=29793"}],"version-history":[{"count":1,"href":"http:\/\/elobservatorio.com.mx\/index.php?rest_route=\/wp\/v2\/posts\/29793\/revisions"}],"predecessor-version":[{"id":29795,"href":"http:\/\/elobservatorio.com.mx\/index.php?rest_route=\/wp\/v2\/posts\/29793\/revisions\/29795"}],"wp:featuredmedia":[{"embeddable":true,"href":"http:\/\/elobservatorio.com.mx\/index.php?rest_route=\/wp\/v2\/media\/29794"}],"wp:attachment":[{"href":"http:\/\/elobservatorio.com.mx\/index.php?rest_route=%2Fwp%2Fv2%2Fmedia&parent=29793"}],"wp:term":[{"taxonomy":"category","embeddable":true,"href":"http:\/\/elobservatorio.com.mx\/index.php?rest_route=%2Fwp%2Fv2%2Fcategories&post=29793"},{"taxonomy":"post_tag","embeddable":true,"href":"http:\/\/elobservatorio.com.mx\/index.php?rest_route=%2Fwp%2Fv2%2Ftags&post=29793"}],"curies":[{"name":"wp","href":"https:\/\/api.w.org\/{rel}","templated":true}]}}