{"id":29796,"date":"2024-02-28T22:40:46","date_gmt":"2024-02-29T04:40:46","guid":{"rendered":"https:\/\/elobservatorio.com.mx\/?p=29796"},"modified":"2024-02-28T22:40:46","modified_gmt":"2024-02-29T04:40:46","slug":"udec-entrega-281-titulos-y-celebra-el-logro-de-sus-egresados","status":"publish","type":"post","link":"http:\/\/elobservatorio.com.mx\/?p=29796","title":{"rendered":"UdeC entrega 281 t\u00edtulos y celebra el logro de sus egresados"},"content":{"rendered":"<p><em>*La obtenci\u00f3n de un grado acad\u00e9mico impacta en la vida de las y los nuevos profesionistas, tanto en lo personal como en lo familiar, \u201cpues representa el cumplimiento de una meta en la cual colaboraron sus padres, hermanos, pareja o amigos\u201d: Christian Torres Ortiz.<\/em><\/p>\n<p>Con la entrega de 281 t\u00edtulos a egresados y egresadas de programas de bachillerato, licenciatura y posgrado, \u201cla Universidad de Colima refrenda su compromiso con la sociedad de brindar una educaci\u00f3n de calidad y pertinencia\u201d, dijo el rector Christian Jorge Torres Ortiz Zerme\u00f1o en la ceremonia realizada para este prop\u00f3sito el martes por la tarde en el Teatro Universitario.<\/p>\n<p>La UdeC tiene como funci\u00f3n principal, coment\u00f3 el rector en su intervenci\u00f3n, formar al personal t\u00e9cnico, profesional y con el m\u00e1ximo grado, que contribuya al desarrollo de nuestro entorno. \u201cEn este acto, es justo reconocer las aportaciones de profesores y personal de los planteles que acompa\u00f1aron a los y las estudiantes a lo largo de su formaci\u00f3n\u201d.<\/p>\n<p>La obtenci\u00f3n de un grado acad\u00e9mico, asegur\u00f3 el rector, impacta en la vida de las y los nuevos profesionistas, tanto en lo personal como en lo familiar, \u201cpues representa el cumplimiento de una meta en la cual colaboraron sus padres, hermanos, pareja o amigos\u201d.<\/p>\n<p>La obtenci\u00f3n del t\u00edtulo, resalt\u00f3, tiene beneficios inmediatos, \u201cya que puede ser determinante en los competidos procesos de contrataci\u00f3n o selecci\u00f3n de personal, adem\u00e1s de darles la opci\u00f3n de acceder a mejores oportunidades laborales\u201d.<\/p>\n<p>Aunque la Universidad los prepar\u00f3 para que puedan incursionar en el \u00e1mbito productivo, los inst\u00f3 a seguir capacit\u00e1ndose de forma permanente. \u201cNuestra instituci\u00f3n ofrece una amplia oferta educativa y actividades de educaci\u00f3n continua para que puedan continuar su formaci\u00f3n. Mant\u00e9nganse en contacto uni\u00e9ndose a las asociaciones de egresados o consultando el cat\u00e1logo de servicios en nuestro sitio web\u201d.<\/p>\n<p>Record\u00f3 que el t\u00edtulo en f\u00edsico entregado esa tarde presenta un nuevo formato. Cambia su dise\u00f1o y se moderniza al ser hecho de un papel de alta calidad y duraci\u00f3n llamado Teslin, m\u00e1s amigable con el ambiente. Incorpora tambi\u00e9n el uso del c\u00f3digo QR en el reverso, para la validaci\u00f3n del documento desde el dispositivo m\u00f3vil.<\/p>\n<p>En nombre de las y los titulados, el egresado de la licenciatura en Publicidad y Relaciones P\u00fablicas<strong>, <\/strong>Ricardo Daniel Acosta Gahona, en un emotivo mensaje, destac\u00f3 la perseverancia y el compromiso de las y los all\u00ed reunidos, para iniciar y concluir su proceso formativo.<\/p>\n<p>\u201cAgradezco profundamente a la Universidad y a todos los profesores por buscar incansablemente que los estudiantes nos formemos con pertinencia, es decir, con valores congruentes con nuestras acciones, relevantes en nuestras actividades y que trascendamos como personas\u201d, concluy\u00f3.<\/p>\n<p>Estuvieron\u00a0 en pres\u00eddium el secretario General de la instituci\u00f3n, Joel Nino Jr.; la coordinadora general de Docencia, Susana Preciado; la coordinadora general Administrativa y Financiera, Erika Ulibarri; el director general de Educaci\u00f3n Media Superior, Mart\u00edn Robles; el director general de Educaci\u00f3n Superior, Mario de Anda y la directora general de Posgrado, Arianna S\u00e1nchez.<\/p>\n<p>Tambi\u00e9n estuvieron el director general de Administraci\u00f3n Escolar, Hugo Barreto; la presidenta de la FEUC, Carolina Venegas; el presidente de la FEC, Camilo Garc\u00eda y el secretario general del SUTUC, Luis Enrique Zamorano.<\/p>\n<p>&nbsp;<\/p>\n","protected":false},"excerpt":{"rendered":"<p>*La obtenci\u00f3n de un grado acad\u00e9mico impacta en la vida de las y los nuevos profesionistas, tanto en lo personal como en lo familiar, \u201cpues representa el cumplimiento de una meta en la cual colaboraron sus padres, hermanos, pareja o amigos\u201d: Christian Torres Ortiz. Con la entrega de 281 t\u00edtulos a egresados y egresadas de&#8230;<\/p>\n","protected":false},"author":2,"featured_media":29797,"comment_status":"open","ping_status":"open","sticky":false,"template":"","format":"standard","meta":{"footnotes":""},"categories":[14],"tags":[29,30,28],"class_list":["post-29796","post","type-post","status-publish","format-standard","has-post-thumbnail","hentry","category-educacion-y-cultura","tag-grid","tag-news","tag-slider"],"_links":{"self":[{"href":"http:\/\/elobservatorio.com.mx\/index.php?rest_route=\/wp\/v2\/posts\/29796"}],"collection":[{"href":"http:\/\/elobservatorio.com.mx\/index.php?rest_route=\/wp\/v2\/posts"}],"about":[{"href":"http:\/\/elobservatorio.com.mx\/index.php?rest_route=\/wp\/v2\/types\/post"}],"author":[{"embeddable":true,"href":"http:\/\/elobservatorio.com.mx\/index.php?rest_route=\/wp\/v2\/users\/2"}],"replies":[{"embeddable":true,"href":"http:\/\/elobservatorio.com.mx\/index.php?rest_route=%2Fwp%2Fv2%2Fcomments&post=29796"}],"version-history":[{"count":1,"href":"http:\/\/elobservatorio.com.mx\/index.php?rest_route=\/wp\/v2\/posts\/29796\/revisions"}],"predecessor-version":[{"id":29798,"href":"http:\/\/elobservatorio.com.mx\/index.php?rest_route=\/wp\/v2\/posts\/29796\/revisions\/29798"}],"wp:featuredmedia":[{"embeddable":true,"href":"http:\/\/elobservatorio.com.mx\/index.php?rest_route=\/wp\/v2\/media\/29797"}],"wp:attachment":[{"href":"http:\/\/elobservatorio.com.mx\/index.php?rest_route=%2Fwp%2Fv2%2Fmedia&parent=29796"}],"wp:term":[{"taxonomy":"category","embeddable":true,"href":"http:\/\/elobservatorio.com.mx\/index.php?rest_route=%2Fwp%2Fv2%2Fcategories&post=29796"},{"taxonomy":"post_tag","embeddable":true,"href":"http:\/\/elobservatorio.com.mx\/index.php?rest_route=%2Fwp%2Fv2%2Ftags&post=29796"}],"curies":[{"name":"wp","href":"https:\/\/api.w.org\/{rel}","templated":true}]}}