{"id":29811,"date":"2024-02-28T23:43:41","date_gmt":"2024-02-29T05:43:41","guid":{"rendered":"https:\/\/elobservatorio.com.mx\/?p=29811"},"modified":"2024-02-28T23:43:41","modified_gmt":"2024-02-29T05:43:41","slug":"asegura-riult-rivera-que-las-mejores-condiciones-de-vida-se-generan-a-traves-de-un-ayuntamiento","status":"publish","type":"post","link":"http:\/\/elobservatorio.com.mx\/?p=29811","title":{"rendered":"Asegura Riult Rivera que las mejores condiciones de vida se generan a trav\u00e9s de un Ayuntamiento"},"content":{"rendered":"<p>El Diputado Federal Riult Rivera Guti\u00e9rrez, destac\u00f3 en entrevista que, desde la C\u00e1mara de diputados, se ha estado trabajando para tener una mejor sociedad, el Colima que todos quieren, y que, a su vez, de la misma manera, a trav\u00e9s de un Ayuntamiento se puede mejorar la situaci\u00f3n, \u201cporque tienes la operatividad para poder establecer mejoras en diferentes puntos del territorio del municipio\u201d, destac\u00f3.<\/p>\n<p>Por lo que se\u00f1al\u00f3 que desde los diferentes cargos que ha tenido, ha ido aportando desde su trabajo para tener una mejor sociedad; enfrentando los problemas que la poblaci\u00f3n le va planteando y viendo las maneras de c\u00f3mo se resolver\u00e1n, y que de igual manera ha ido generando soluciones para que la gente pueda tener una mejor calidad de vida.<\/p>\n<p>Subray\u00f3 que ha tenido la dicha de conocer los diez municipios; de estar en todo el Estado en diferentes actividades de car\u00e1cter laboral, y desde la trinchera del servicio p\u00fablico, del servicio a la poblaci\u00f3n, de la sinceridad, de la claridad; cuidando tener una conducta de la mejor manera posible.<\/p>\n<p>Indic\u00f3 que es importante que la sociedad sepa que para tener un orden y para que exista, es importante tener un engranaje normativo, \u201cel tener reglas claras y por esto, es que debemos de tener en cuenta que es importante participar en lo que es legislar, tambi\u00e9n en las labores que son impuestas por las propias normativas para los que est\u00e1n al frente de una representaci\u00f3n popular como diputado o diputada\u201d, apunt\u00f3.<\/p>\n<p>En cuanto a su registro como aspirante a la alcald\u00eda de Colima, mencion\u00f3 que su prioridad es servir a la poblaci\u00f3n, aportar trabajo, el construir equipo, identificar los problemas, el cual ha sido una de las tareas que m\u00e1s realiza, y principalmente, el construir las soluciones de esos problemas, por lo que se\u00f1al\u00f3 que todas estas cosas pueden generar pol\u00edticas p\u00fablicas desde un Ayuntamiento.<\/p>\n","protected":false},"excerpt":{"rendered":"<p>El Diputado Federal Riult Rivera Guti\u00e9rrez, destac\u00f3 en entrevista que, desde la C\u00e1mara de diputados, se ha estado trabajando para tener una mejor sociedad, el Colima que todos quieren, y que, a su vez, de la misma manera, a trav\u00e9s de un Ayuntamiento se puede mejorar la situaci\u00f3n, \u201cporque tienes la operatividad para poder establecer&#8230;<\/p>\n","protected":false},"author":2,"featured_media":29812,"comment_status":"open","ping_status":"open","sticky":false,"template":"","format":"standard","meta":{"footnotes":""},"categories":[1],"tags":[29,30,28],"class_list":["post-29811","post","type-post","status-publish","format-standard","has-post-thumbnail","hentry","category-espacio-legislativo","tag-grid","tag-news","tag-slider"],"_links":{"self":[{"href":"http:\/\/elobservatorio.com.mx\/index.php?rest_route=\/wp\/v2\/posts\/29811"}],"collection":[{"href":"http:\/\/elobservatorio.com.mx\/index.php?rest_route=\/wp\/v2\/posts"}],"about":[{"href":"http:\/\/elobservatorio.com.mx\/index.php?rest_route=\/wp\/v2\/types\/post"}],"author":[{"embeddable":true,"href":"http:\/\/elobservatorio.com.mx\/index.php?rest_route=\/wp\/v2\/users\/2"}],"replies":[{"embeddable":true,"href":"http:\/\/elobservatorio.com.mx\/index.php?rest_route=%2Fwp%2Fv2%2Fcomments&post=29811"}],"version-history":[{"count":1,"href":"http:\/\/elobservatorio.com.mx\/index.php?rest_route=\/wp\/v2\/posts\/29811\/revisions"}],"predecessor-version":[{"id":29813,"href":"http:\/\/elobservatorio.com.mx\/index.php?rest_route=\/wp\/v2\/posts\/29811\/revisions\/29813"}],"wp:featuredmedia":[{"embeddable":true,"href":"http:\/\/elobservatorio.com.mx\/index.php?rest_route=\/wp\/v2\/media\/29812"}],"wp:attachment":[{"href":"http:\/\/elobservatorio.com.mx\/index.php?rest_route=%2Fwp%2Fv2%2Fmedia&parent=29811"}],"wp:term":[{"taxonomy":"category","embeddable":true,"href":"http:\/\/elobservatorio.com.mx\/index.php?rest_route=%2Fwp%2Fv2%2Fcategories&post=29811"},{"taxonomy":"post_tag","embeddable":true,"href":"http:\/\/elobservatorio.com.mx\/index.php?rest_route=%2Fwp%2Fv2%2Ftags&post=29811"}],"curies":[{"name":"wp","href":"https:\/\/api.w.org\/{rel}","templated":true}]}}