{"id":29821,"date":"2024-03-01T12:14:27","date_gmt":"2024-03-01T18:14:27","guid":{"rendered":"http:\/\/elobservatorio.com.mx\/?p=29821"},"modified":"2024-03-01T12:14:27","modified_gmt":"2024-03-01T18:14:27","slug":"losperfilesmascompetitivos-para-elecciones2024-mely-romero-priista","status":"publish","type":"post","link":"http:\/\/elobservatorio.com.mx\/?p=29821","title":{"rendered":"#LosPerfilesM\u00e1sCompetitivos para #Elecciones2024: MELY ROMERO, priista"},"content":{"rendered":"<div>\n<p class=\"x_MsoNormal\"><b><span lang=\"ES-TRAD\">PARACA\u00cdDAS<\/span><\/b><b><\/b><\/p>\n<p class=\"x_MsoNormal\"><b><span lang=\"ES-TRAD\">Rogelio Guedea<\/span><\/b><\/p>\n<p class=\"x_MsoNormal\"><b><\/b><span lang=\"ES-TRAD\">No es la primera vez que hablo con Mely Romero, ex candidata a la gubernatura del estado y ahora en busca nuevamente de un esca\u00f1o para el Senado por la coalici\u00f3n PRI-PAN, pero s\u00ed es la primera vez que hablo con ella desde lo personal e, incluso, desde lo \u00edntimo. Como saben los que la conocen, Mely es una mujer muy inteligente y sensible, fr\u00e1gil (aunque en este caso su fragilidad es una fortaleza) y prudente, desde un principio percibes en ella honestidad y transparencia. <\/span><\/p>\n<p class=\"x_MsoNormal\"><span lang=\"ES-TRAD\">Sentado en un caf\u00e9 al norte de la ciudad, pr\u00e1cticamente sin nadie m\u00e1s alrededor nuestro, lo primero que rememora Mely es un episodio crucial que marc\u00f3 su infancia y su futuro de por vida: su viaje, a los nueve a\u00f1os, a Estados Unidos, luego de que su padre, don Pedro Romero, de profesi\u00f3n maestro, no cumpliera el sue\u00f1o de ser candidato a la alcald\u00eda de Cuauht\u00e9moc, su tierra natal. Como una forma de purgar ese desencanto, don Pedro Romero decidi\u00f3 alejarse de su terru\u00f1o, llev\u00e1ndose a toda su familia al vecino del norte. Sin duda, aquella aventura fue una de las experiencias que m\u00e1s transformar\u00eda la vida de Mely. <\/span><\/p>\n<p class=\"x_MsoNormal\"><span lang=\"ES-TRAD\">Se instalaron en Estados Unidos (espec\u00edficamente en la comunidad de Plano, Texas) y Mely, junto con sus hermanos, ingres\u00f3 en la escuela.\u00a0 Lo primero que recuerda de s\u00ed misma es aquel choque cultural tan tremendo que vivi\u00f3 ella y su familia. Para empezar, padeci\u00f3 discriminaci\u00f3n (expl\u00edcita e impl\u00edcita) y aunque eso le tambale\u00f3 su seguridad y autoestima, pronto logr\u00f3 sobreponerse para empezar a participar, ya desde entonces, en una suerte de activismo estudiantil con los diferentes grupos raciales de la escuela, en donde ella empez\u00f3 a dar muestra de su liderazgo. Mely, a quien le escucho un ingl\u00e9s perfecto, reconoce que estos cinco a\u00f1os de estancia en Estados Unidos le prohijaron una formaci\u00f3n incre\u00edble y le dieron las bases que hoy incluso siguen siendo cimientos de su carrera pol\u00edtica y profesional. <\/span><\/p>\n<p class=\"x_MsoNormal\"><span lang=\"ES-TRAD\">Aunque durante su estancia en Estados Unidos no hubo excesos econ\u00f3micos, tampoco hubo penurias. Viv\u00edan en un departamento modesto y no olvida que su padre, muy trabajador siempre y un ejemplo para ella a seguir, tuvo que enfrentarse con valent\u00eda a pasar de ser la persona conocida y reconocida que era en Cuauht\u00e9moc a ser un desconocido inmigrante trabajando de lavaplatos o mesero en restaurantes para sacar adelante a su familia. Mely recuerda que luego de cinco a\u00f1os, cuando su hermana mayor empez\u00f3 a ingresar en la adolescencia, su padre decidi\u00f3 volver a M\u00e9xico, pues no quer\u00eda que su hermana ni nadie pudiera ser presa del mundo de las drogas, en aquel tiempo en gran efervescencia. Esta decisi\u00f3n, por supuesto, volvi\u00f3 a pesar en la vida de ella y sus hermanos, quienes se negaban a volver, pero finalmente lo hicieron y regresaron a Cuauht\u00e9moc. <\/span><\/p>\n<p class=\"x_MsoNormal\"><span lang=\"ES-TRAD\">El choque cultural que enfrent\u00f3 Mely fue igualmente duro, al ver las deficiencias y carencias tan marcadas en el sistema educativo de nuestro pa\u00eds con respecto al estadounidense. Se buscaba cualquier pretexto para que no hubiera clases y eso la pon\u00eda muy mal, al punto que hasta le daban ganas de ella misma darlas. Esto fue lo que la hizo, pese a su personalidad tambi\u00e9n introvertida, iniciar acciones para mejorar su entorno escolar y, por extensi\u00f3n, social, y sin duda, aunque ella quiz\u00e1 no lo supiera conscientemente, esos fueron sus primeros pasos en el \u00e1mbito pol\u00edtico y del servicio p\u00fablico, pues en ambos casos la idea fundamental es coadyuvar en el bienestar de tu comunidad. <\/span><\/p>\n<p class=\"x_MsoNormal\"><span lang=\"ES-TRAD\">Mely era, pues, una l\u00edder natural y eso la llev\u00f3 a convertirse, mientras estudiaba, en jefa de grupo o en ser parte de la sociedad de alumnos, etc\u00e9tera. Mely retrocede en el tiempo y recuerda con particular relevancia un hecho que la marcar\u00eda tambi\u00e9n para siempre: fue el d\u00eda en que lleg\u00f3 su padre a su casa con un sombrero muy caro (le hab\u00eda costado 300 d\u00f3lares), mismo que le iba a regalar a Ricardo Galindo, entonces candidato a la alcald\u00eda de Cuauht\u00e9moc, tal vez con el fin de que Galindo lo invitara a ser parte de su campa\u00f1a y eventualmente de su gabinete, cosa que lamentablemente no sucedi\u00f3. <\/span><\/p>\n<p class=\"x_MsoNormal\"><span lang=\"ES-TRAD\">A Mely la compra de este sombrero le indign\u00f3 mucho porque ella hubiera preferido que su padre se gastara ese dinero en ellos, que tanto lo necesitaban, sin saber que con el tiempo el se\u00f1or Ricardo Galindo se convertir\u00eda en su mentor pol\u00edtico y aquel sombrero en una forma simb\u00f3lica que utiliz\u00f3 \u00a0su padre para entregarle a Galindo el cuidado pol\u00edtico de su hija, cuando \u00e9l faltara, tal como suceder\u00eda a\u00f1os despu\u00e9s.\u00a0 <\/span><\/p>\n<p class=\"x_MsoNormal\"><span lang=\"ES-TRAD\">Mely Romero hizo la preparatoria en Cuauht\u00e9moc (donde fue presidenta de la sociedad de alumnos y donde se fue consolidando como la pol\u00edtica conciliadora que ahora es) y luego de no haber podido cumplir su sue\u00f1o de estudiar arquitectura ingres\u00f3 en la Facultad de Contabilidad en la Universidad de Colima, al mismo tiempo que hizo una licenciatura en matem\u00e1ticas, en la Escuela Superior de Ciencias de la Educaci\u00f3n. <\/span><\/p>\n<p class=\"x_MsoNormal\"><span lang=\"ES-TRAD\">En esta \u00e9poca volvi\u00f3 a ser parte de la sociedad de alumnos, aunque esta vez no como presidenta, y al terminar su carrera sobrevino un acontecimiento muy duro para su familia: la s\u00fabita muerte de su padre, a quien Mely tanto amaba y admiraba.\u00a0 Aunque esta tragedia caus\u00f3 estragos en su n\u00facleo familiar, Mely supo sobreponerse para luego volver a su tierra natal (Cuauht\u00e9moc) para trabajar en el ayuntamiento en \u00e1reas relacionadas con su profesi\u00f3n: la contadur\u00eda, pero tambi\u00e9n seguir participando en actividades del partido.\u00a0<\/span><\/p>\n<p class=\"x_MsoNormal\"><span lang=\"ES-TRAD\"> Por ese tiempo Mely sufri\u00f3 un primer rev\u00e9s pol\u00edtico que la hizo irse, tal como en alg\u00fan momento lo hiciera su padre, a Estados Unidos. El suceso fue el siguiente: alguien le dijo que iba a ser la tesorera del Ayuntamiento, que el presidente as\u00ed la nombrar\u00eda, pero al final no le cumplieron esa promesa. <\/span><\/p>\n<p class=\"x_MsoNormal\"><span lang=\"ES-TRAD\">Mely lo padeci\u00f3 mucho y, entonces, la historia se repetir\u00eda: esa desilusi\u00f3n, en un sentido similar a la de su padre cuando no logr\u00f3 ser candidato a la alcald\u00eda cuauhtemense, fue la que la empuj\u00f3 a alejarse de su tierra natal e irse a Columbia (Estados Unidos) para estudiar una maestr\u00eda en matem\u00e1ticas, gracias a la obtenci\u00f3n de una beca Fulbright. Volver a Estados Unidos fue, de nuevo, una experiencia dura y aleccionadora que volvi\u00f3 a marcarla grandemente, y quiz\u00e1 a ense\u00f1arle que en pol\u00edtica y en la vida los tiempos de Dios son perfectos. Por eso, cuando termin\u00f3 su estancia acad\u00e9mica y regres\u00f3 a su tierra lo hizo, esta vez s\u00ed, como tesorera, gracias a la invitaci\u00f3n de un conocido de su padre, Jos\u00e9 Luis Aguirre, en el 2006. <\/span><\/p>\n<p class=\"x_MsoNormal\"><span lang=\"ES-TRAD\">Mely Romero se reconoce una mujer muy estructurada y organizada y muy empe\u00f1osa en las responsabilidades p\u00fablicas que ha tenido, y en realidad en el trato con ella uno no duda que as\u00ed lo es, de manera que hizo un trabajo importante desde el Ayuntamiento de Cuauht\u00e9moc (espec\u00edficamente con el tema de la regularizaci\u00f3n de los prediales) que le vali\u00f3, de manera genuina, una menci\u00f3n del extinto ex gobernador Silverio Cavazos, quien dijo p\u00fablicamente, en un evento de pavimentaci\u00f3n de una calle, que Mely era la mejor tesorera de toda la entidad. <\/span><\/p>\n<p class=\"x_MsoNormal\"><span lang=\"ES-TRAD\">Sin duda, el comentario del mandatario caus\u00f3 tanta mella al interior del partido que Mely Romero logr\u00f3 imponerse como candidata a diputada local para las pr\u00f3ximas elecciones, elecci\u00f3n que gana y con ello da arranque con paso firme a una carrera pol\u00edtica tan exitosa que despu\u00e9s la llevar\u00eda a ser senadora de la Rep\u00fablica y Subsecretaria de Desarrollo Rural (del 2012 al 2018) y, posteriormente, candidata a la gubernatura del Estado, una experiencia compleja pero al mismo tiempo enriquecedora. <\/span><\/p>\n<p class=\"x_MsoNormal\"><span lang=\"ES-TRAD\">Hoy, Mely Romero es la candidata de la coalici\u00f3n PRI-PAN al senado de la Rep\u00fablica, nuevamente, y su prop\u00f3sito, de ganar la elecci\u00f3n, es poder contribuir a solucionar las grandes problem\u00e1ticas de nuestro estado, como la violencia, la salud, etc\u00e9tera, tomando como base la experiencia adquirida en su pasado periodo, que le dej\u00f3 grandes ense\u00f1anzas sobre la vida pol\u00edtica y social de nuestro pa\u00eds.\u00a0\u00a0<\/span><\/p>\n<\/div>\n<p>Rogelio Guedea<\/p>\n<p><a href=\"mailto:rguedea@ucol.mx\" data-linkindex=\"0\">rguedea@ucol.mx<\/a><\/p>\n<div class=\"x_gmail_signature\" dir=\"ltr\" data-smartmail=\"gmail_signature\">\n<div dir=\"ltr\">\n<div>\n<div><a href=\"mailto:rguedea1974@gmail.com\" data-linkindex=\"1\">rguedea1974@gmail.com<\/a><br aria-hidden=\"true\" \/><\/p>\n<div>website:\u00a0<a href=\"http:\/\/www.rogelioguedea.com\/\" target=\"_blank\" rel=\"noopener noreferrer\" data-auth=\"NotApplicable\" data-linkindex=\"2\">www.rogelioguedea.com<\/a><\/div>\n<div>twitter: @rogelioguedea<\/div>\n<\/div>\n<\/div>\n<\/div>\n<\/div>\n","protected":false},"excerpt":{"rendered":"<p>PARACA\u00cdDAS Rogelio Guedea No es la primera vez que hablo con Mely Romero, ex candidata a la gubernatura del estado y ahora en busca nuevamente de un esca\u00f1o para el Senado por la coalici\u00f3n PRI-PAN, pero s\u00ed es la primera vez que hablo con ella desde lo personal e, incluso, desde lo \u00edntimo. Como saben&#8230;<\/p>\n","protected":false},"author":2,"featured_media":29822,"comment_status":"open","ping_status":"open","sticky":false,"template":"","format":"standard","meta":{"footnotes":""},"categories":[61,11],"tags":[29,30,28],"class_list":["post-29821","post","type-post","status-publish","format-standard","has-post-thumbnail","hentry","category-elecciones-2024","category-opinion","tag-grid","tag-news","tag-slider"],"_links":{"self":[{"href":"http:\/\/elobservatorio.com.mx\/index.php?rest_route=\/wp\/v2\/posts\/29821"}],"collection":[{"href":"http:\/\/elobservatorio.com.mx\/index.php?rest_route=\/wp\/v2\/posts"}],"about":[{"href":"http:\/\/elobservatorio.com.mx\/index.php?rest_route=\/wp\/v2\/types\/post"}],"author":[{"embeddable":true,"href":"http:\/\/elobservatorio.com.mx\/index.php?rest_route=\/wp\/v2\/users\/2"}],"replies":[{"embeddable":true,"href":"http:\/\/elobservatorio.com.mx\/index.php?rest_route=%2Fwp%2Fv2%2Fcomments&post=29821"}],"version-history":[{"count":1,"href":"http:\/\/elobservatorio.com.mx\/index.php?rest_route=\/wp\/v2\/posts\/29821\/revisions"}],"predecessor-version":[{"id":29823,"href":"http:\/\/elobservatorio.com.mx\/index.php?rest_route=\/wp\/v2\/posts\/29821\/revisions\/29823"}],"wp:featuredmedia":[{"embeddable":true,"href":"http:\/\/elobservatorio.com.mx\/index.php?rest_route=\/wp\/v2\/media\/29822"}],"wp:attachment":[{"href":"http:\/\/elobservatorio.com.mx\/index.php?rest_route=%2Fwp%2Fv2%2Fmedia&parent=29821"}],"wp:term":[{"taxonomy":"category","embeddable":true,"href":"http:\/\/elobservatorio.com.mx\/index.php?rest_route=%2Fwp%2Fv2%2Fcategories&post=29821"},{"taxonomy":"post_tag","embeddable":true,"href":"http:\/\/elobservatorio.com.mx\/index.php?rest_route=%2Fwp%2Fv2%2Ftags&post=29821"}],"curies":[{"name":"wp","href":"https:\/\/api.w.org\/{rel}","templated":true}]}}