{"id":29824,"date":"2024-03-01T13:05:49","date_gmt":"2024-03-01T19:05:49","guid":{"rendered":"http:\/\/elobservatorio.com.mx\/?p=29824"},"modified":"2024-03-01T13:05:49","modified_gmt":"2024-03-01T19:05:49","slug":"ofrecera-udec-servicios-de-analisis-estadisticos-y-de-opinion-publica","status":"publish","type":"post","link":"http:\/\/elobservatorio.com.mx\/?p=29824","title":{"rendered":"Ofrecer\u00e1 UdeC servicios de An\u00e1lisis Estad\u00edsticos y de Opini\u00f3n P\u00fablica"},"content":{"rendered":"<p><em>*\u201cTenemos la certeza de que el Centro tendr\u00e1 una excelente respuesta, ya que lo estamos haciendo con mucha calidad y profesionalismo, por lo que estoy seguro de que ser\u00e1 de gran utilidad para la toma de decisiones\u201d. Christian Torres Ortiz, rector.<\/em><\/p>\n<p>Este jueves, en rueda de prensa, Christian Jorge Torres Ortiz Zerme\u00f1o, rector de la Universidad de Colima, dio a conocer el nuevo Centro Universitario de An\u00e1lisis Estad\u00edsticos y de Opini\u00f3n P\u00fablica (CUOP), el cual surge para contribuir a la soluci\u00f3n de problemas en diversos sectores sociales mediante la aplicaci\u00f3n de an\u00e1lisis estad\u00edsticos y la interpretaci\u00f3n de la opini\u00f3n p\u00fablica.<\/p>\n<p>Este nuevo centro, que antes fue el CIEMA, coment\u00f3 el rector, ofrece a todo p\u00fablico estudios de opini\u00f3n p\u00fablica, los cuales cuentan con dos variantes: un bar\u00f3metro pol\u00edtico y un diagn\u00f3stico de la calidad de vida. Adem\u00e1s, ofrecer\u00e1 an\u00e1lisis y proyecci\u00f3n de impactos en emprendimientos, servicios y venta de productos en su vertiente de <em>Focus Group<\/em> y estudios de mercado.<\/p>\n<p>Otros servicios se enfocan en la gesti\u00f3n del conocimiento y la informaci\u00f3n, como son diagn\u00f3sticos de clima laboral, y tambi\u00e9n la capacitaci\u00f3n, como ser\u00edan cursos de estad\u00edstica.<\/p>\n<p>Torres Ortiz Zerme\u00f1o destac\u00f3 que este centro es \u00fanico en su tipo en el estado. Dijo que uno de sus primeros objetivos \u201ces generar informaci\u00f3n confiable, certera, que le permita a una instituci\u00f3n p\u00fablica, privada o a cualquier persona que lo solicite, tomar decisiones importantes\u201d.<\/p>\n<p>\u201cTenemos la certeza -finaliz\u00f3- de que el CUOP tendr\u00e1 una excelente respuesta, ya que lo estamos haciendo con mucha calidad y profesionalismo, por lo que estoy seguro de que ser\u00e1 de gran utilidad para la toma de decisiones de la sociedad en general\u201d.<\/p>\n<p>El Centro Universitario de An\u00e1lisis Estad\u00edsticos y de Opini\u00f3n P\u00fablica se encuentra ubicado en la calle Zaragoza No. 64, zona Centro; correo: cuop@ucol.mx y tel\u00e9fono 312 31 6 10 00.<\/p>\n<p>En la rueda de prensa, el rector estuvo acompa\u00f1ado por el Dr. \u00c1ngel Rafael Vargas Valencia, director del CUOP. El equipo de este centro lo integran la Dra. Cinthia Leonora Murillo \u00c1valos, Sarah\u00ed Valderrama Robles, la Mtra. Ver\u00f3nica Rocha Benuto y el Dr. Iv\u00e1n Ulianov Jim\u00e9nez Mac\u00edas.<\/p>\n","protected":false},"excerpt":{"rendered":"<p>*\u201cTenemos la certeza de que el Centro tendr\u00e1 una excelente respuesta, ya que lo estamos haciendo con mucha calidad y profesionalismo, por lo que estoy seguro de que ser\u00e1 de gran utilidad para la toma de decisiones\u201d. Christian Torres Ortiz, rector. Este jueves, en rueda de prensa, Christian Jorge Torres Ortiz Zerme\u00f1o, rector de la&#8230;<\/p>\n","protected":false},"author":2,"featured_media":29825,"comment_status":"open","ping_status":"open","sticky":false,"template":"","format":"standard","meta":{"footnotes":""},"categories":[14],"tags":[29,30,28],"class_list":["post-29824","post","type-post","status-publish","format-standard","has-post-thumbnail","hentry","category-educacion-y-cultura","tag-grid","tag-news","tag-slider"],"_links":{"self":[{"href":"http:\/\/elobservatorio.com.mx\/index.php?rest_route=\/wp\/v2\/posts\/29824"}],"collection":[{"href":"http:\/\/elobservatorio.com.mx\/index.php?rest_route=\/wp\/v2\/posts"}],"about":[{"href":"http:\/\/elobservatorio.com.mx\/index.php?rest_route=\/wp\/v2\/types\/post"}],"author":[{"embeddable":true,"href":"http:\/\/elobservatorio.com.mx\/index.php?rest_route=\/wp\/v2\/users\/2"}],"replies":[{"embeddable":true,"href":"http:\/\/elobservatorio.com.mx\/index.php?rest_route=%2Fwp%2Fv2%2Fcomments&post=29824"}],"version-history":[{"count":1,"href":"http:\/\/elobservatorio.com.mx\/index.php?rest_route=\/wp\/v2\/posts\/29824\/revisions"}],"predecessor-version":[{"id":29826,"href":"http:\/\/elobservatorio.com.mx\/index.php?rest_route=\/wp\/v2\/posts\/29824\/revisions\/29826"}],"wp:featuredmedia":[{"embeddable":true,"href":"http:\/\/elobservatorio.com.mx\/index.php?rest_route=\/wp\/v2\/media\/29825"}],"wp:attachment":[{"href":"http:\/\/elobservatorio.com.mx\/index.php?rest_route=%2Fwp%2Fv2%2Fmedia&parent=29824"}],"wp:term":[{"taxonomy":"category","embeddable":true,"href":"http:\/\/elobservatorio.com.mx\/index.php?rest_route=%2Fwp%2Fv2%2Fcategories&post=29824"},{"taxonomy":"post_tag","embeddable":true,"href":"http:\/\/elobservatorio.com.mx\/index.php?rest_route=%2Fwp%2Fv2%2Ftags&post=29824"}],"curies":[{"name":"wp","href":"https:\/\/api.w.org\/{rel}","templated":true}]}}