{"id":29829,"date":"2024-03-04T14:57:51","date_gmt":"2024-03-04T20:57:51","guid":{"rendered":"https:\/\/elobservatorio.com.mx\/?p=29829"},"modified":"2024-03-04T14:57:51","modified_gmt":"2024-03-04T20:57:51","slug":"la-udec-abre-las-puertas-a-los-candidatos-presidenciales","status":"publish","type":"post","link":"http:\/\/elobservatorio.com.mx\/?p=29829","title":{"rendered":"La UdeC abre las puertas\u00a0a los candidatos presidenciales"},"content":{"rendered":"<h4><b><span lang=\"ES-TRAD\">PARACAIDAS<\/span><\/b><\/h4>\n<p class=\"x_MsoNormal\"><b><span lang=\"ES-TRAD\">Rogelio Guedea<\/span><\/b><\/p>\n<p class=\"x_MsoNormal\"><b><span lang=\"ES-TRAD\">\u00a0<\/span><\/b><span lang=\"ES-TRAD\">Desde el inicio de su gesti\u00f3n, el rector Christian Torres Ortiz, cuya formaci\u00f3n precisamente es en el \u00e1rea de la administraci\u00f3n p\u00fablica, mostr\u00f3 un inter\u00e9s genuino por hacer de la Universidad de Colima una instituci\u00f3n que contribuyera de manera directa al desarrollo y bienestar social de nuestra entidad, en todos los \u00e1mbitos. Este enfoque social se ha visto de manera palpable no s\u00f3lo en la relaci\u00f3n de cooperaci\u00f3n institucional que nuestra m\u00e1xima casa de estudios ha establecido con el gobierno estatal y los municipales (en Villa de \u00c1lvarez, por ejemplo, su contribuci\u00f3n es muy estrecha y constante) sino en los convenios espec\u00edficos que, en diversos rubros del quehacer gubernamental y del servicio p\u00fablico, nuestra instituci\u00f3n ha concertado. <\/span><\/p>\n<p class=\"x_MsoNormal\"><span lang=\"ES-TRAD\">Este inter\u00e9s por estar pendiente de la agenda p\u00fablica para contribuir en aquellas problem\u00e1ticas o acontecimientos de inter\u00e9s que as\u00ed lo requieran es el mismo que ha llevado al rector Torres Ortiz a abrirle las puertas de nuestra instituci\u00f3n educativa a los candidatos a la presidencia de la Rep\u00fablica Cl\u00e1udia Sheinbaum, Xochilt G\u00e1lvez y Jorge \u00c0lvarez Maynez para establecer un di\u00e1logo democr\u00e1tico con la comunidad universitaria con el fin de conocer sus propuestas de pa\u00eds y, asimismo, conocer la opini\u00f3n de nuestros universitarios. <\/span><\/p>\n<p class=\"x_MsoNormal\"><span lang=\"ES-TRAD\">El rector hizo entrega ya, para tal caso, de una invitaci\u00f3n formal por medio de una carta invitaci\u00f3n extendida a los equipos de campa\u00f1a de cada candidato y ahora se espera que se concreten las fechas de estos encuentros, lo anterior con el fin de contribuir a la salud democr\u00e1tica de nuestro pa\u00eds y al derecho que tiene cada ciudadano de estar bien informado para emitir su voto en las pr\u00f3ximas elecciones. <\/span><\/p>\n<p class=\"x_MsoNormal\"><span lang=\"ES-TRAD\">Aunado a esto, y casi al mismo tiempo, el rector Torres Ortiz inaugur\u00f3 el Centro Universitario de An\u00e1lisis Estad\u00edstico y Opini\u00f3n P\u00fablica (CUOP) que, en este periodo tan pertinente (el de la jornada comicial) puede cumplir con una funci\u00f3n muy importante pues, entre otras cosas, servir\u00e1 sin duda para ofrecer sus conocimientos cient\u00edficos a todos aquellos involucrados en las campa\u00f1as electorales que busquen, con base a an\u00e1lisis cuantitativos muy precisos, orientar el rumbo de su campa\u00f1a, pues dentro del CUOP hay personal especializado en el ramo.<\/span><\/p>\n<p class=\"x_MsoNormal\"><span lang=\"ES-TRAD\"> La jornada electoral en la que ya estamos inmersos termina el pr\u00f3ximo 2 de junio y creo que la funci\u00f3n de nuestra instituci\u00f3n es, como bien lo ha propuesto el propio rector Torres Ortiz, contribuir principalmente a que la sociedad est\u00e9 lo m\u00e1s informada posible y con el mayor conocimiento de la oferta electoral para que as\u00ed pueda tomar la mejor decisi\u00f3n al momento de emitir su voto, con lo cual estaremos contribuyendo a consolidar nuestra democracia y a fortalecer a las instituciones encargadas de promover la misma.\u00a0<\/span><\/p>\n<div><\/div>\n<p><span class=\"x_gmail_signature_prefix\">&#8212;<\/span><\/p>\n<div class=\"x_gmail_signature\" dir=\"ltr\" data-smartmail=\"gmail_signature\">\n<div dir=\"ltr\">Rogelio Guedea<\/p>\n<div><a href=\"mailto:rguedea@ucol.mx\" data-linkindex=\"0\">rguedea@ucol.mx<\/a><br aria-hidden=\"true\" \/><\/p>\n<div><a href=\"mailto:rguedea1974@gmail.com\" data-linkindex=\"1\">rguedea1974@gmail.com<\/a><br aria-hidden=\"true\" \/><\/p>\n<div>website:\u00a0<a href=\"http:\/\/www.rogelioguedea.com\/\" target=\"_blank\" rel=\"noopener noreferrer\" data-auth=\"NotApplicable\" data-linkindex=\"2\">www.rogelioguedea.com<\/a><\/div>\n<div>twitter: @rogelioguedea<br aria-hidden=\"true\" \/><br aria-hidden=\"true\" \/><\/div>\n<\/div>\n<\/div>\n<\/div>\n<\/div>\n","protected":false},"excerpt":{"rendered":"<p>PARACAIDAS Rogelio Guedea \u00a0Desde el inicio de su gesti\u00f3n, el rector Christian Torres Ortiz, cuya formaci\u00f3n precisamente es en el \u00e1rea de la administraci\u00f3n p\u00fablica, mostr\u00f3 un inter\u00e9s genuino por hacer de la Universidad de Colima una instituci\u00f3n que contribuyera de manera directa al desarrollo y bienestar social de nuestra entidad, en todos los \u00e1mbitos&#8230;.<\/p>\n","protected":false},"author":2,"featured_media":25398,"comment_status":"open","ping_status":"open","sticky":false,"template":"","format":"standard","meta":{"footnotes":""},"categories":[11],"tags":[29,30,28],"class_list":["post-29829","post","type-post","status-publish","format-standard","has-post-thumbnail","hentry","category-opinion","tag-grid","tag-news","tag-slider"],"_links":{"self":[{"href":"http:\/\/elobservatorio.com.mx\/index.php?rest_route=\/wp\/v2\/posts\/29829"}],"collection":[{"href":"http:\/\/elobservatorio.com.mx\/index.php?rest_route=\/wp\/v2\/posts"}],"about":[{"href":"http:\/\/elobservatorio.com.mx\/index.php?rest_route=\/wp\/v2\/types\/post"}],"author":[{"embeddable":true,"href":"http:\/\/elobservatorio.com.mx\/index.php?rest_route=\/wp\/v2\/users\/2"}],"replies":[{"embeddable":true,"href":"http:\/\/elobservatorio.com.mx\/index.php?rest_route=%2Fwp%2Fv2%2Fcomments&post=29829"}],"version-history":[{"count":2,"href":"http:\/\/elobservatorio.com.mx\/index.php?rest_route=\/wp\/v2\/posts\/29829\/revisions"}],"predecessor-version":[{"id":29831,"href":"http:\/\/elobservatorio.com.mx\/index.php?rest_route=\/wp\/v2\/posts\/29829\/revisions\/29831"}],"wp:featuredmedia":[{"embeddable":true,"href":"http:\/\/elobservatorio.com.mx\/index.php?rest_route=\/wp\/v2\/media\/25398"}],"wp:attachment":[{"href":"http:\/\/elobservatorio.com.mx\/index.php?rest_route=%2Fwp%2Fv2%2Fmedia&parent=29829"}],"wp:term":[{"taxonomy":"category","embeddable":true,"href":"http:\/\/elobservatorio.com.mx\/index.php?rest_route=%2Fwp%2Fv2%2Fcategories&post=29829"},{"taxonomy":"post_tag","embeddable":true,"href":"http:\/\/elobservatorio.com.mx\/index.php?rest_route=%2Fwp%2Fv2%2Ftags&post=29829"}],"curies":[{"name":"wp","href":"https:\/\/api.w.org\/{rel}","templated":true}]}}