{"id":29835,"date":"2024-03-04T19:19:26","date_gmt":"2024-03-05T01:19:26","guid":{"rendered":"https:\/\/elobservatorio.com.mx\/?p=29835"},"modified":"2024-03-04T19:19:26","modified_gmt":"2024-03-05T01:19:26","slug":"en-manzanillo-aseguran-droga-y-un-arma-de-fuego-durante-cateo","status":"publish","type":"post","link":"http:\/\/elobservatorio.com.mx\/?p=29835","title":{"rendered":"En Manzanillo, aseguran droga y un arma de fuego durante cateo"},"content":{"rendered":"<p><em>*Hechos ocurridos en un domicilio de la colonia Residencial El Colomo, Poblaci\u00f3n Colomo<\/em><\/p>\n<p>Por el delito de contra la salud en agravio de la sociedad, fue ejecutado un mandamiento judicial en el municipio de Manzanillo, donde fue asegurado el inmueble tras la localizaci\u00f3n de narc\u00f3tico y un arma de fuego.<\/p>\n<p>En la orden de cateo autorizada por el Juez de Control, se incautaron diversos paquetes con metanfetamina, un arma de fuego con un cargador, casquillos, entre otros indicios.<\/p>\n<p>Luego del aseguramiento de los indicios y del inmueble, estos fueron puestos a disposici\u00f3n de la autoridad competente para el tr\u00e1mite de las investigaciones correspondientes.<\/p>\n<p>Se exhorta a la ciudadan\u00eda a seguir denunciando an\u00f3nimamente a los n\u00fameros 089 y 911 para las emergencias.<\/p>\n","protected":false},"excerpt":{"rendered":"<p>*Hechos ocurridos en un domicilio de la colonia Residencial El Colomo, Poblaci\u00f3n Colomo Por el delito de contra la salud en agravio de la sociedad, fue ejecutado un mandamiento judicial en el municipio de Manzanillo, donde fue asegurado el inmueble tras la localizaci\u00f3n de narc\u00f3tico y un arma de fuego. En la orden de cateo&#8230;<\/p>\n","protected":false},"author":2,"featured_media":25467,"comment_status":"open","ping_status":"open","sticky":false,"template":"","format":"standard","meta":{"footnotes":""},"categories":[15],"tags":[29,30,28],"class_list":["post-29835","post","type-post","status-publish","format-standard","has-post-thumbnail","hentry","category-seguridad-y-justicia","tag-grid","tag-news","tag-slider"],"_links":{"self":[{"href":"http:\/\/elobservatorio.com.mx\/index.php?rest_route=\/wp\/v2\/posts\/29835"}],"collection":[{"href":"http:\/\/elobservatorio.com.mx\/index.php?rest_route=\/wp\/v2\/posts"}],"about":[{"href":"http:\/\/elobservatorio.com.mx\/index.php?rest_route=\/wp\/v2\/types\/post"}],"author":[{"embeddable":true,"href":"http:\/\/elobservatorio.com.mx\/index.php?rest_route=\/wp\/v2\/users\/2"}],"replies":[{"embeddable":true,"href":"http:\/\/elobservatorio.com.mx\/index.php?rest_route=%2Fwp%2Fv2%2Fcomments&post=29835"}],"version-history":[{"count":1,"href":"http:\/\/elobservatorio.com.mx\/index.php?rest_route=\/wp\/v2\/posts\/29835\/revisions"}],"predecessor-version":[{"id":29836,"href":"http:\/\/elobservatorio.com.mx\/index.php?rest_route=\/wp\/v2\/posts\/29835\/revisions\/29836"}],"wp:featuredmedia":[{"embeddable":true,"href":"http:\/\/elobservatorio.com.mx\/index.php?rest_route=\/wp\/v2\/media\/25467"}],"wp:attachment":[{"href":"http:\/\/elobservatorio.com.mx\/index.php?rest_route=%2Fwp%2Fv2%2Fmedia&parent=29835"}],"wp:term":[{"taxonomy":"category","embeddable":true,"href":"http:\/\/elobservatorio.com.mx\/index.php?rest_route=%2Fwp%2Fv2%2Fcategories&post=29835"},{"taxonomy":"post_tag","embeddable":true,"href":"http:\/\/elobservatorio.com.mx\/index.php?rest_route=%2Fwp%2Fv2%2Ftags&post=29835"}],"curies":[{"name":"wp","href":"https:\/\/api.w.org\/{rel}","templated":true}]}}