{"id":29885,"date":"2024-03-07T13:06:19","date_gmt":"2024-03-07T19:06:19","guid":{"rendered":"https:\/\/elobservatorio.com.mx\/?p=29885"},"modified":"2024-03-07T13:51:06","modified_gmt":"2024-03-07T19:51:06","slug":"colima-nos-necesita-para-no-convertir-a-mexico-en-venezuela-nazario-rodriguez","status":"publish","type":"post","link":"http:\/\/elobservatorio.com.mx\/?p=29885","title":{"rendered":"Colima nos necesita para no convertir a M\u00e9xico en Venezuela: Nazario Rodr\u00edguez"},"content":{"rendered":"<p><em>*Yo s\u00ed soy totalmente nuevo en la pol\u00edtica, en otro partido presumen de nuevos pero en el partido,\u00a0 porque reciclaron a quienes han venido brincando de partido en partido, dice el candidato a diputado federal por el segundo distrito electoral por la Alianza \u00abFuerza y Coraz\u00f3n\u00bb<\/em><\/p>\n<p><em>*Pido a la sociedad a que investigue el pasado de cada candidato, qu\u00e9 hizo, qu\u00e9 ha hecho para que tome una buena decisi\u00f3n, sobretodo cu\u00e1l es la visi\u00f3n del pa\u00eds que tiene cada uno, se\u00f1al\u00f3.<\/em><\/p>\n<p>Tecom\u00e1n Col.- El candidato a diputado federal por el Segundo Distrito Electoral por la alianza \u00abFuerza y Coraz\u00f3n\u00bb, <strong>Nazario Rodr\u00edguez Guerra<\/strong>, en entrevista exclusiva con<strong><em> El Observatorio<\/em><\/strong>, dijo sentirse muy contento con el recibimiento que le ha dado la gente, ya que les gusta y satisface ver caras nuevas, como lo es \u00e9l en la pol\u00edtica porque es su primera participaci\u00f3n en una candidatura.<\/p>\n<p>\u00abLa gente que hoy me est\u00e1 conociendo en todo el Distrito II,\u00a0 que abarca cinco municipios, sobretodo mucha gente relacionada a la agricultura me conoce y es la que me ha hecho patente el entusiasmo de que seamos candidatos,\u00a0 de que salgamos desde la empresa a trabajar y la gente que me va conociendo,\u00a0 de la misma manera tenemos que trabajarle mucho porque hay municipios como una parte de Manzanillo, Ixtlahuac\u00e1n, Armer\u00eda en donde tengo muchos trabajadores y amigos, que tengo que acercarme, escucharlos y platicar para que aparte de que me conozcan, entender la problem\u00e1tica y visi\u00f3n del pa\u00eds que quieren\u00bb.<\/p>\n<p>Dijo que estos primeros d\u00edas de campa\u00f1a\u00a0 han sido muy agradables, estamos a menos de una semana a\u00fan, nos hemos dedicado m\u00e1s a medios, ha habido ya acercamiento personal,\u00a0 pero no es lo que ha dominado la campa\u00f1a,\u00a0 en estos momentos estamos arreglando el piso para poder construir muy bien desde abajo,\u00a0 conciliando con los partidos,\u00a0 que nos conozcan todos los partidos porque yo ten\u00eda una vida ajena al partidismo, no pertenezco a ning\u00fan partido pero agradezco al PRI que me haya postulado.<\/p>\n<p>\u00abNo hay malos partidos, los partidos no son culpables de nada en lo que se le ha faltado al pa\u00eds, los partidos son solo una instituci\u00f3n que tienen su visi\u00f3n del pa\u00eds, sus estatutos y su forma de trabajar,\u00a0 quienes han fallado y han hecho las cosas mal con sus excepciones son las personas, los pol\u00edticos y de ah\u00ed se desprende la necesidad de que elijamos a los mejores candidatos\u00bb.<\/p>\n<p><strong>\u00bfEres nuevo en la pol\u00edtica, saliste de tu empresa por primera vez a buscar el voto?<\/strong><\/p>\n<p>\u00abYo s\u00ed soy nuevo, porque quienes se dicen \u00abnuevos\u00bb, son nuevos en los partidos porque en la pol\u00edtica son viejos la mayor\u00eda , ah\u00ed tenemos el ejemplo de un partido que trae puro reciclado y no de un partido, sino de cuatro cinco partidos y que vean el resultado que han dado en esos partidos de donde vienen y lo que traen arrastrando,\u00a0 el caso m\u00edo, !qu\u00e9 bueno que no me conozcan de esa forma\u00a1,\u00a0 porque los que me conocen tienen una opini\u00f3n de m\u00ed y hoy los tengo junto a m\u00ed, ir\u00e1n a votar conscientes, pensando en que el amigo ha actuado bien porque me lo han hecho patente, ojal\u00e1 y me alcance el tiempo para saludar a todos y eso es,\u00a0 independiente de que ellos decidan qu\u00e9 hacer, al final tendr\u00e1n que decidir por el mejor candidato. Yo es lo que les pido, b\u00fasquenle, investiguen qu\u00e9 ha sido cada quien,\u00a0 qu\u00e9 ha hecho cada quien y en funci\u00f3n de los resultados y caracter\u00edsticas de cada uno que elijan con quien van\u00bb.<\/p>\n<p><strong>\u00bfQu\u00e9 te implus\u00f3 a participar?\u00a0<\/strong><\/p>\n<p>Porque me duele el riesgo de perder a M\u00e9xico,\u00a0 esa gente est\u00e1 ense\u00f1ando el diente muy feo, nos est\u00e1n amagando con una nueva Constituci\u00f3n, ah\u00ed est\u00e1 qui\u00e9n no lo crea,\u00a0 ah\u00ed est\u00e1 toda la informaci\u00f3n en internet, que investiguen y vean lo que contiene la Constituci\u00f3n, lean,\u00a0 ded\u00edquenle poco de su tiempo a investigar, es el futuro de M\u00e9xico, qu\u00e9 plan de Naci\u00f3n\u00a0 trae Claudia(Sheinbaum), eso es lo que nos va a regir. Ahora pregunto,\u00a0 \u00bfest\u00e1n seguros en Tecom\u00e1n, Colima, en Manzanillo?, no, \u00bfno sienten inseguridad? porque la se\u00f1ora(Claudia) lo unico que ofrece es continuidad, esa continuidad de qu\u00e9,\u00a0 te pregunto Belisario \u00bfestamos a gusto?, \u00bfest\u00e1s a gusto con la atenci\u00f3n m\u00e9dica que recibes hoy?, \u00bfcon que no haya medicamentos?, \u00bfest\u00e1s a gusto con que no haya estancias infantiles?, \u00bfest\u00e1s a gusto con la pol\u00edtica del campo?,\u00a0 \u00bfest\u00e1s a gusto con lo que est\u00e1n haciendo con la prensa? porque todos lo sabemos.\u00a0 Yo no estoy a gusto, por eso me met\u00ed a participar,.<\/p>\n<p>Finalmente dijo, \u00abcreo que se pueden hacer mejor las cosas y todo ese camino que hab\u00edamos caminado con los anteriores gobiernos, consciente de\u00a0 que se que hicieron muchas cosas mal, pero tambi\u00e9n hab\u00edan muchas cosas que se pod\u00edan mejorar, estoy de acuerd\u00edsimo pero el pa\u00eds iba mas o menos bien. He escuchado a venezolanos personalmente que me dicen,\u00a0 !se\u00f1ores,\u00a0 cambien ahorita que pueden porque nosotros nunca pensamos que nos iba a pasar lo que nos pas\u00f3\u00a1\u00bb.<\/p>\n<p>\u00abSon lo mismo, es un grupo de Am\u00e9rica completito que cay\u00f3 a Argentina, en Chile, aunque ah\u00ed le pusieron un freno cuando quiso meterse con la Constituci\u00f3n,\u00a0 el Presidente Gabriel Boric en Chile gan\u00f3 con un 65 por ciento y convoc\u00f3\u00a0 a una nueva asamblea constituiva para formar una nueva constituci\u00f3n &#8216;socialista&#8217; desde luego y el mismo 65 por ciento de la gente,\u00a0 le dijo,\u00a0 !No se\u00f1or\u00a1. En\u00a0 el caso de M\u00e9xico est\u00e1 esa amenaza y tenemos que frenarla, ese es mi primer proyecto y desde luego que nadie tiene que dudar que apoyar\u00e9 al campo, de ah\u00ed vengo y me debo al campo, de lo que estoy totalmente agradecido\u00bb.<\/p>\n","protected":false},"excerpt":{"rendered":"<p>*Yo s\u00ed soy totalmente nuevo en la pol\u00edtica, en otro partido presumen de nuevos pero en el partido,\u00a0 porque reciclaron a quienes han venido brincando de partido en partido, dice el candidato a diputado federal por el segundo distrito electoral por la Alianza \u00abFuerza y Coraz\u00f3n\u00bb *Pido a la sociedad a que investigue el pasado&#8230;<\/p>\n","protected":false},"author":2,"featured_media":29888,"comment_status":"open","ping_status":"open","sticky":false,"template":"","format":"standard","meta":{"footnotes":""},"categories":[61,43,10],"tags":[29,30,28],"class_list":["post-29885","post","type-post","status-publish","format-standard","has-post-thumbnail","hentry","category-elecciones-2024","category-entrevista","category-politica","tag-grid","tag-news","tag-slider"],"_links":{"self":[{"href":"http:\/\/elobservatorio.com.mx\/index.php?rest_route=\/wp\/v2\/posts\/29885"}],"collection":[{"href":"http:\/\/elobservatorio.com.mx\/index.php?rest_route=\/wp\/v2\/posts"}],"about":[{"href":"http:\/\/elobservatorio.com.mx\/index.php?rest_route=\/wp\/v2\/types\/post"}],"author":[{"embeddable":true,"href":"http:\/\/elobservatorio.com.mx\/index.php?rest_route=\/wp\/v2\/users\/2"}],"replies":[{"embeddable":true,"href":"http:\/\/elobservatorio.com.mx\/index.php?rest_route=%2Fwp%2Fv2%2Fcomments&post=29885"}],"version-history":[{"count":3,"href":"http:\/\/elobservatorio.com.mx\/index.php?rest_route=\/wp\/v2\/posts\/29885\/revisions"}],"predecessor-version":[{"id":29889,"href":"http:\/\/elobservatorio.com.mx\/index.php?rest_route=\/wp\/v2\/posts\/29885\/revisions\/29889"}],"wp:featuredmedia":[{"embeddable":true,"href":"http:\/\/elobservatorio.com.mx\/index.php?rest_route=\/wp\/v2\/media\/29888"}],"wp:attachment":[{"href":"http:\/\/elobservatorio.com.mx\/index.php?rest_route=%2Fwp%2Fv2%2Fmedia&parent=29885"}],"wp:term":[{"taxonomy":"category","embeddable":true,"href":"http:\/\/elobservatorio.com.mx\/index.php?rest_route=%2Fwp%2Fv2%2Fcategories&post=29885"},{"taxonomy":"post_tag","embeddable":true,"href":"http:\/\/elobservatorio.com.mx\/index.php?rest_route=%2Fwp%2Fv2%2Ftags&post=29885"}],"curies":[{"name":"wp","href":"https:\/\/api.w.org\/{rel}","templated":true}]}}