{"id":29891,"date":"2024-03-11T19:23:24","date_gmt":"2024-03-12T01:23:24","guid":{"rendered":"http:\/\/elobservatorio.com.mx\/?p=29891"},"modified":"2024-03-11T19:23:24","modified_gmt":"2024-03-12T01:23:24","slug":"imperdonable","status":"publish","type":"post","link":"http:\/\/elobservatorio.com.mx\/?p=29891","title":{"rendered":"IMPERDONABLE"},"content":{"rendered":"<p><strong>VIVENCIAS<\/strong><br \/>\n<em>Carlos Alberto Olvera S\u00e1nchez* <\/em><\/p>\n<p>El pasado ocho de Marzo, Tomaron las calles de Colima, Mujeres inconformes, pero ante todo valerosas, por hacer notar su descontento, falta de atenci\u00f3n y ausencia de pol\u00edticas p\u00fablicas hacia ese sector de parte de qui\u00e9n Gobierna Colima. A su paso por la Hist\u00f3rica Calzada Galv\u00e1n y la principal Calle del centro de la Capital Colimense, La Madero, se escucharon al unisono las consignas, iban dirigidas, a quien prometi\u00f3 ser esperanza y diferencia, entre quienes le antecedieron en la Gubernatura, y qui\u00e9n est\u00e1 en la presidencia de la Rep\u00fablica la realidad no es igual, es peor, los n\u00fameros son tan fr\u00edos, que pueden provocar hipotermia 182 Mil asesinatos y 114 mil personas desaparecidas, sino hubiese motivos para salir a Marchar, seguramente, no saldr\u00edan, pero s\u00ed los hay. El para\u00edso perdido de la paz y seguridad, que en alg\u00fan momento disfrutamos los Colimense, y destacabamos a Nivel Nacional ,Hoy es Historia.<\/p>\n<p>El Tsunami de Violencia, en que estamos sometidos, obliga a hombres y mujeres por igual, a exigir, m\u00e1s no a implorar la intervenci\u00f3n del Estado, a brindar seguridad y respeto a sus Derechos humanos, entendidos estos como la protecci\u00f3n de la vida gregaria y las necesidades b\u00e1sicas para su desarrollo Integral, c\u00f3mo lo es la Educaci\u00f3n &#8211; a\u00fan persisten escuelas sin profesores, sin material did\u00e1ctico, laboratorios, sin los reactivos qu\u00edmicos, salud- Hospitales, sin medicina, ni instrumentos m\u00e9dicos para salvar lo m\u00e1s preciado como lo es la existencia &#8211; ausencia de violencia y recreaci\u00f3n.<\/p>\n<p>Lo Sucedido esa tarde Noche, nos vuelve a posicionar en las Notas Nacionales e Internacionales, ante el uso de la excesiva fuerza p\u00fablica, para Reprimir a las Mujeres, que solo buscan ser escuchadas y atendidas, ante lo cual fueron recibidas a las puertas del palacio de Gobierno Con Gas lacrim\u00f3geno y balas de caucho, seg\u00fan documentan, medios digitales de la Entidad Federativa. Hist\u00f3ricamente las Marchas, han Sido el arma principal de todo Movimiento Pol\u00edtico Social, en la b\u00fasqueda de la justicia y la equidad, ante diversas problem\u00e1ticas que afectan a una colectividad., buscando la construcci\u00f3n de posibles alternativas para crear una sociedad m\u00e1s inclusiva en la toma de desiciones p\u00fablicas. Con un sustento moral y legal debidamente acreditado, las mujeres ah\u00ed presentes, fueron reprimidas, sin raz\u00f3n alguna.<\/p>\n<p>La Represi\u00f3n , que parec\u00eda cosa del pasado , cosa olvidada, hab\u00eda renacido En Colima, d\u00f3nde por cierto no se tiene Registro alguno de Tanto exceso por reprimir a un sector femenino , cuando quien est\u00e1 al frente del poder Ejecutivo , se dice \u00abFeminista\u00bb s\u00ed, la Maestra en Derecho Humanos \u00bb , pareciese ser Ciencia ficci\u00f3n , pero no , es una realidad, Inadmisible , inolvidable, imperdonable. Maxime cuando el partido pol\u00edtico que logr\u00f3 la alternancia y es Gobierno, es proveniente de un partido de Izquierda, lo fuerte de la entonces oposici\u00f3n en Colima y en el pa\u00eds, era y son las marchas, de las cuales nunca fueron reprimidos muchos de los que hoy toman desiciones equivocadas, contra un sector que solo busca atenci\u00f3n a sus demandas y protecci\u00f3n, ante tanta violencia Fragante de G\u00e9nero. Reprobable actuar, del Gobierno del Estado.<\/p>\n<p>Record\u00e1ndoles a mis selectos lectores, puedo decir que soy ni Chairo , ni fif\u00ed me Canso Ganso .<\/p>\n<p>A MANERA DE COMENTARIO ESC\u00c1NDALO *INSEGURIDAD ,EN COLIMA* No tiene fecha de caducidad, seguimos siendo Nota Nacional e Internacional en hechos delictivos, d\u00f3nde mientras se trata de minimizar, los tr\u00e1gicos sucesos sangrientos delatan, a quienes, ya debiesen haber empleado estrategia alguna efectiva, los abrazos, no balazos, es una frase , m\u00e1s que un mecanismo de prevenci\u00f3n y control, en Materia de seguridad<\/p>\n<p>NOS FALTAN 43 Los Padres de los 43 Normalistas de la Normal de Ayotzinapa Ra\u00fal Isidro Burgos, se sientes Ignorados , insatisfechos, molestos con el Gobierno Federal, que los trae Mentira, tras Mentira, ante reprobables actos, de los cu\u00e1les, no se conoce la verdad, mi solidaridad a los padres de los Normalistas, con recia Formaci\u00f3n Social y Pol\u00edtica, ex Aliados del actual R\u00e9gimen, hoy ignorados y despreciados por un austero, que vive en un Palacio.<\/p>\n<p>FEMINISTAS AUSENTES Llama la atenci\u00f3n la ausencia de feministas de Hueso \u00abColorado\u00bb que a\u00f1o con a\u00f1o, aparec\u00edan el 8 de Marzo, Gritando Consignas a los cuatro vientos, hoy muchas de ellas , est\u00e1n en la administraci\u00f3n P\u00fablica Estatal, hay dos versiones, o su Jefa, la Gobernadora les impidi\u00f3 tomar las calles, o desertaron de la lucha social, la lista es larga e interminable, la respuesta la tiene usted apreciado lector \u00bf O no?<\/p>\n<p><em>*Vocero del Frente Magisterial Independiente<\/em><\/p>\n","protected":false},"excerpt":{"rendered":"<p>VIVENCIAS Carlos Alberto Olvera S\u00e1nchez* El pasado ocho de Marzo, Tomaron las calles de Colima, Mujeres inconformes, pero ante todo valerosas, por hacer notar su descontento, falta de atenci\u00f3n y ausencia de pol\u00edticas p\u00fablicas hacia ese sector de parte de qui\u00e9n Gobierna Colima. A su paso por la Hist\u00f3rica Calzada Galv\u00e1n y la principal Calle&#8230;<\/p>\n","protected":false},"author":2,"featured_media":11152,"comment_status":"open","ping_status":"open","sticky":false,"template":"","format":"standard","meta":{"footnotes":""},"categories":[11],"tags":[29,30,28],"class_list":["post-29891","post","type-post","status-publish","format-standard","has-post-thumbnail","hentry","category-opinion","tag-grid","tag-news","tag-slider"],"_links":{"self":[{"href":"http:\/\/elobservatorio.com.mx\/index.php?rest_route=\/wp\/v2\/posts\/29891"}],"collection":[{"href":"http:\/\/elobservatorio.com.mx\/index.php?rest_route=\/wp\/v2\/posts"}],"about":[{"href":"http:\/\/elobservatorio.com.mx\/index.php?rest_route=\/wp\/v2\/types\/post"}],"author":[{"embeddable":true,"href":"http:\/\/elobservatorio.com.mx\/index.php?rest_route=\/wp\/v2\/users\/2"}],"replies":[{"embeddable":true,"href":"http:\/\/elobservatorio.com.mx\/index.php?rest_route=%2Fwp%2Fv2%2Fcomments&post=29891"}],"version-history":[{"count":1,"href":"http:\/\/elobservatorio.com.mx\/index.php?rest_route=\/wp\/v2\/posts\/29891\/revisions"}],"predecessor-version":[{"id":29892,"href":"http:\/\/elobservatorio.com.mx\/index.php?rest_route=\/wp\/v2\/posts\/29891\/revisions\/29892"}],"wp:featuredmedia":[{"embeddable":true,"href":"http:\/\/elobservatorio.com.mx\/index.php?rest_route=\/wp\/v2\/media\/11152"}],"wp:attachment":[{"href":"http:\/\/elobservatorio.com.mx\/index.php?rest_route=%2Fwp%2Fv2%2Fmedia&parent=29891"}],"wp:term":[{"taxonomy":"category","embeddable":true,"href":"http:\/\/elobservatorio.com.mx\/index.php?rest_route=%2Fwp%2Fv2%2Fcategories&post=29891"},{"taxonomy":"post_tag","embeddable":true,"href":"http:\/\/elobservatorio.com.mx\/index.php?rest_route=%2Fwp%2Fv2%2Ftags&post=29891"}],"curies":[{"name":"wp","href":"https:\/\/api.w.org\/{rel}","templated":true}]}}