{"id":29914,"date":"2024-03-12T12:12:37","date_gmt":"2024-03-12T18:12:37","guid":{"rendered":"http:\/\/elobservatorio.com.mx\/?p=29914"},"modified":"2024-03-12T12:12:37","modified_gmt":"2024-03-12T18:12:37","slug":"la-falta-de-alimentos-en-mexico-empezara-a-manifestarse-antes-de-que-lopez-obrador-concluya-sexenio","status":"publish","type":"post","link":"http:\/\/elobservatorio.com.mx\/?p=29914","title":{"rendered":"La falta de alimentos en M\u00e9xico, empezar\u00e1 a manifestarse antes de que L\u00f3pez Obrador concluya sexenio"},"content":{"rendered":"<p class=\"x_MsoNormal\"><b>FACETAS DE M\u00c9XICO<\/b><\/p>\n<p class=\"x_MsoNormal\"><b>Pascacio Taboada Cortina\/ Jorge Mart\u00ednez Cedillo<\/b><\/p>\n<p class=\"x_gmail-MsoListParagraphCxSpFirst\"><em>*No hubo dinero fiscal para impulsar el campo. A los campesinos, ejidatarios y peque\u00f1os propietarios<\/em><\/p>\n<p class=\"x_gmail-MsoListParagraphCxSpFirst\"><em><b><\/b>*El subsecretario de Agricultura, V\u00edctor Su\u00e1rez, toda su vida la pas\u00f3 como promotor de empresas comercializadoras de productos agr\u00edcolas<\/em><b><\/b><\/p>\n<p class=\"x_MsoNormal\">La insuficiente atenci\u00f3n financiera para el desarrollo del campo en esta administraci\u00f3n federal \u2013caracterizada por fraudes al por mayor en los procesos de comercializaci\u00f3n de las cosechas y derivados pecuarios\u2014y en menor medida por escasez de lluvias en las \u00faltimas tres temporadas en el pa\u00eds, se reflejar\u00e1n en una notable disminuci\u00f3n de la oferta alimentaria, incluso antes de que el presidente L\u00f3pez Obrador termine su mandato constitucional.<\/p>\n<p class=\"x_MsoNormal\">Desde los primeros a\u00f1os de su gobierno, el Ejecutivo orden\u00f3 concentrar los presupuestos de todas las dependencias federales, a fin de avanzar lo m\u00e1s r\u00e1pido posible en la construcci\u00f3n de sus \u201cgrandes obras fara\u00f3nicas\u201d.<\/p>\n<p class=\"x_MsoNormal\">Estas obras, son: el Aeropuerto \u201cFelipe \u00c1ngeles\u201d, la Refiner\u00eda de \u201cDos Bocas\u201d y el Tren Maya \u2013con una longitud de v\u00edas de m\u00e1s de 1,500 kil\u00f3metros lineales, a lo largo de la Pen\u00ednsula de Yucat\u00e1n, arrasando, incluso, con m\u00e1s de dos millones de \u00e1rboles y la destrucci\u00f3n de selvas tropicales, as\u00ed como gran cantidad de \u201ccenotes\u201d del subsuelo yucateco; remat\u00f3 con \u201cla farmacia m\u00e1s grande del mundo\u201d, en Huehuetoca, estado de M\u00e9xico, con graves deficiencias en la oferta de medicamentos.<\/p>\n<p class=\"x_MsoNormal\">Desde esta perspectiva, los recursos fiscales asignados por el Congreso para 19 Secretar\u00edas de Estado y otros organismos descentralizados; compromisos de pago de deuda externa, sueldos de la burocracia y pensiones, disminuyeron los recursos para gasto p\u00fablico. As\u00ed, \u201cech\u00f3 mano\u201d de presupuestos de las dependencias federales, con la mira de canalizarlos a infraestructura de esas grandes obras. \u201cDej\u00f3 desnudo al sector rural\u201d.<\/p>\n<p class=\"x_MsoNormal\">Por supuesto que no hubo financiamiento para el campo. Desapareci\u00f3 la Financiera Nacional para el Desarrollo, que hab\u00eda \u201ctrabajado de manera muy irregular\u201d en los primeros cuatro a\u00f1os del presente gobierno, y no hubo dinero fiscal para impulsar el campo. A los campesinos, ejidatarios y peque\u00f1os propietarios \u201cles dio atole con el dedo\u201d, con eso de la distribuci\u00f3n gratuita de fertilizantes. Sin suficiente humedad, \u00e9stos no se utilizaron.<\/p>\n<p class=\"x_MsoNormal\">Mientras tanto, el campo de M\u00e9xico sigue \u201cen ca\u00edda vertical\u201d en cuanto a producci\u00f3n y productividad. Lo que se espera para el pr\u00f3ximo gobierno, es un aumento inusitado del d\u00e9ficit alimentario, agravado por la escasez de lluvias desde hace cerca de tres a\u00f1os en pr\u00e1cticamente todo el pa\u00eds. Los r\u00edos y cuerpos superficiales de agua, as\u00ed como el potencial de aguas subterr\u00e1neas, se encuentran en niveles bajos, apenas para atender necesidades de consumo directo por la poblaci\u00f3n, especialmente de zonas rurales.<\/p>\n<p class=\"x_MsoNormal\">Los mismos tres a\u00f1os de escasez de lluvias en este gobierno, se reflejaron en disminuci\u00f3n de las cosechas y, obviamente, en aumento de importaciones de productos del campo, en particular ma\u00edz, frijol, arroz y trigo, as\u00ed como en derivados pecuarios, como carne de res, cerdo, huevo y leche.<\/p>\n<p class=\"x_MsoNormal\">La producci\u00f3n de ma\u00edz, de acuerdo con datos del \u00e1rea de Informaci\u00f3n Agropecuaria de la Secretar\u00eda de Agricultura y Desarrollo Rural, fue de un promedio anual de 25 millones de toneladas en los primeros a\u00f1os de este sexenio. Casi en su totalidad, se destin\u00f3 a la producci\u00f3n de masa para tortilla, de manera que, para alimentaci\u00f3n de la ganader\u00eda de engorda, se acudi\u00f3 a la importaci\u00f3n de ma\u00edz proveniente de Estados Unidos.<\/p>\n<p class=\"x_MsoNormal\">Los vol\u00famenes de compras de este grano al extranjero, han crecido de manera exponencial. Empezaron con cargamentos de 5 millones de toneladas al inicio de la administraci\u00f3n presente; aumentaron a 10 millones en dos a\u00f1os. En 2023 alcanzaron los 16 millones de toneladas y, para el presente 2024, se ha programado la importaci\u00f3n de casi 19 millones de toneladas de ma\u00edz amarillo. Los agricultores norteamericanos, felices.<\/p>\n<p class=\"x_MsoNormal\">Por otra parte, existe una controversia entre los gobiernos de M\u00e9xico y de Estados Unidos, en torno al cumplimiento del Tratado de Libre Comercio (T-MEC), derivada de la emisi\u00f3n de un Decreto que realiz\u00f3 el presidente Andr\u00e9s Manuel L\u00f3pez Obrador, en febrero de 2023, que proh\u00edbe el uso de ma\u00edz amarillo transg\u00e9nico proveniente de EU, para alimentaci\u00f3n humana, por riesgos en la salud de los consumidores, y la previsi\u00f3n de que se trata, ese ma\u00edz amarillo, de un Organismo Gen\u00e9ticamente Modificado.<\/p>\n<p class=\"x_MsoNormal\">Con referencia a ese ma\u00edz amarillo transg\u00e9nico, hace unos d\u00edas declar\u00f3 un subsecretario de Agricultura, de nombre V\u00edctor Su\u00e1rez, que el gobierno de Estados Unidos debe demostrar, cient\u00edficamente, que el consumo de ma\u00edz amarillo transg\u00e9nico que se introduce a M\u00e9xico, no es nocivo para la salud humana. La respuesta no se ha dejado esperar, de manera que funcionarios norteamericanos se\u00f1alan que no existen evidencias cient\u00edficas que personas o animales hayan manifestado s\u00edntomas de enfermedades derivadas del consumo de ma\u00edz transg\u00e9nico, aunque algunos saben que alimentos con esas caracter\u00edsticas los hay en hortalizas, papa, frijol, arroz y en muchos otros.<\/p>\n<p class=\"x_MsoNormal\">En M\u00e9xico hay muchos cient\u00edficos y especialistas que saben mucho de la Biotecnolog\u00eda, de los transg\u00e9nicos y de Organismos Gen\u00e9ticamente Modificados \u2013todo esto es lo mismo\u2014que afirman que el futuro de la humanidad depender\u00e1 del uso de alimentos con estas caracter\u00edsticas.<\/p>\n<p class=\"x_MsoNormal\">Entre ellos, no vamos muy lejos, el mismo secretario de Agricultura y Desarrollo Rural, V\u00edctor Manuel Villalobos, estudi\u00f3 a fondo estos productos hasta llegar al doctorado, y fue quien redact\u00f3 la Ley de Biotecnolog\u00eda y Organismos Gen\u00e9ticamente Modificados.<\/p>\n<p class=\"x_MsoNormal\">Lo mismo ocurri\u00f3 con uno de los pioneros en esta materia, el doctor Hugo Herrera Estrella. De igual manera, el doctor Francisco Bol\u00edvar Zapata, experto y maestro de la UNAM. Todos ellos, convencidos de que los transg\u00e9nicos son inocuos para la salud de los consumidores humanos, animales y vegetales.<\/p>\n<p class=\"x_MsoNormal\">Por su parte, el subsecretario de Agricultura, V\u00edctor Su\u00e1rez, no se sabe si sea experto en materia de transg\u00e9nicos. Toda su vida la pas\u00f3 como promotor de empresas comercializadoras de productos agr\u00edcolas, hasta llegar, en esta administraci\u00f3n, a la SADER, con la depravaci\u00f3n, de parte de sus admiradores, de que \u201cse le cay\u00f3 rotundamente la producci\u00f3n de alimentos en todo el pa\u00eds\u201d.<\/p>\n","protected":false},"excerpt":{"rendered":"<p>FACETAS DE M\u00c9XICO Pascacio Taboada Cortina\/ Jorge Mart\u00ednez Cedillo *No hubo dinero fiscal para impulsar el campo. A los campesinos, ejidatarios y peque\u00f1os propietarios *El subsecretario de Agricultura, V\u00edctor Su\u00e1rez, toda su vida la pas\u00f3 como promotor de empresas comercializadoras de productos agr\u00edcolas La insuficiente atenci\u00f3n financiera para el desarrollo del campo en esta administraci\u00f3n&#8230;<\/p>\n","protected":false},"author":2,"featured_media":29915,"comment_status":"open","ping_status":"open","sticky":false,"template":"","format":"standard","meta":{"footnotes":""},"categories":[9],"tags":[29,30,28],"class_list":["post-29914","post","type-post","status-publish","format-standard","has-post-thumbnail","hentry","category-agro-y-salud","tag-grid","tag-news","tag-slider"],"_links":{"self":[{"href":"http:\/\/elobservatorio.com.mx\/index.php?rest_route=\/wp\/v2\/posts\/29914"}],"collection":[{"href":"http:\/\/elobservatorio.com.mx\/index.php?rest_route=\/wp\/v2\/posts"}],"about":[{"href":"http:\/\/elobservatorio.com.mx\/index.php?rest_route=\/wp\/v2\/types\/post"}],"author":[{"embeddable":true,"href":"http:\/\/elobservatorio.com.mx\/index.php?rest_route=\/wp\/v2\/users\/2"}],"replies":[{"embeddable":true,"href":"http:\/\/elobservatorio.com.mx\/index.php?rest_route=%2Fwp%2Fv2%2Fcomments&post=29914"}],"version-history":[{"count":1,"href":"http:\/\/elobservatorio.com.mx\/index.php?rest_route=\/wp\/v2\/posts\/29914\/revisions"}],"predecessor-version":[{"id":29916,"href":"http:\/\/elobservatorio.com.mx\/index.php?rest_route=\/wp\/v2\/posts\/29914\/revisions\/29916"}],"wp:featuredmedia":[{"embeddable":true,"href":"http:\/\/elobservatorio.com.mx\/index.php?rest_route=\/wp\/v2\/media\/29915"}],"wp:attachment":[{"href":"http:\/\/elobservatorio.com.mx\/index.php?rest_route=%2Fwp%2Fv2%2Fmedia&parent=29914"}],"wp:term":[{"taxonomy":"category","embeddable":true,"href":"http:\/\/elobservatorio.com.mx\/index.php?rest_route=%2Fwp%2Fv2%2Fcategories&post=29914"},{"taxonomy":"post_tag","embeddable":true,"href":"http:\/\/elobservatorio.com.mx\/index.php?rest_route=%2Fwp%2Fv2%2Ftags&post=29914"}],"curies":[{"name":"wp","href":"https:\/\/api.w.org\/{rel}","templated":true}]}}